{"id":11542,"date":"2021-07-14T23:18:49","date_gmt":"2021-07-14T22:18:49","guid":{"rendered":"https:\/\/by-tv.co.uk\/?p=11542"},"modified":"2021-07-15T10:58:39","modified_gmt":"2021-07-15T09:58:39","slug":"birlesik-krallik-turkiyeden-filmler-festivali-taste-of-anatolianin-ucuncusune-rekor-sayida-film-basvurusu","status":"publish","type":"post","link":"https:\/\/by-tv.co.uk\/en\/birlesik-krallik-turkiyeden-filmler-festivali-taste-of-anatolianin-ucuncusune-rekor-sayida-film-basvurusu\/","title":{"rendered":"Birle\u015fik Krall\u0131k T\u00fcrkiye\u2019den Filmler Festivali  \u2018Taste of Anatolia\u2019n\u0131n \u00fc\u00e7\u00fcnc\u00fcs\u00fcne rekor say\u0131da film ba\u015fvurusu"},"content":{"rendered":"<p>Bal\u0131k Arts taraf\u0131ndan \u0130ngiltere&#8217;de d\u00fczenlenen ve bu sene \u00fc\u00e7\u00fcnc\u00fcs\u00fc ger\u00e7ekle\u015fecek <em><strong>Taste of Anatolia -Films from Turkey Festivali\u2019<\/strong><\/em>ne rekor say\u0131da film i\u00e7in ba\u015fvuru yap\u0131ld\u0131.<\/p>\n<p><img decoding=\"async\" src=\"https:\/\/by-tv.co.uk\/wp-content\/uploads\/2021\/07\/TOA-III-FB-Cover.jpeg\" alt=\"\" title=\"\"><\/p>\n<p>Birle\u015fik Krall\u0131k\u2019taki film ve sanat vakf\u0131na T\u00fcrkiye&#8217;deki ve d\u00fcnyan\u0131n farkl\u0131 yerlerindeki sinemac\u0131lardan 1469 ba\u015fvuru geldi.<\/p>\n<h4>Rekor ba\u015fvuru<\/h4>\n<p>Festival Direkt\u00f6r\u00fc Ye\u015fim G\u00fczelp\u0131nar, \u201cD\u00fcnyan\u0131n d\u00f6rt bir yan\u0131ndan ba\u015fvurular yap\u0131ld\u0131. Daha \u00e7ok sinemac\u0131n\u0131n kat\u0131labilmesi i\u00e7in bu s\u00fcreci \u00fccretsiz yapt\u0131k. Bize \u00e7ok \u00e7e\u015fitli filmlerden se\u00e7me imk\u00e2n\u0131 veren, neredeyse 1500 filmin g\u00f6nderilmesinden \u00e7ok mutluyuz\u201d dedi.<\/p><div id=\"briti-4136306966\" class=\"briti-icerik\" style=\"margin-top: 5px;margin-bottom: 5px;\"><a href=\"https:\/\/piaryum.com\/services\/\" aria-label=\"piaryum banner\"><img loading=\"lazy\" decoding=\"async\" src=\"https:\/\/by-tv.co.uk\/wp-content\/uploads\/2025\/12\/Gemini_Generated_Image_g5yqr1g5yqr1g5yq.jpg\" alt=\"\"  width=\"2064\" height=\"1152\"   \/><\/a><\/div>\n<p>Bu sene \u00fc\u00e7\u00fcnc\u00fcs\u00fc yap\u0131lacak olan Taste of Anatolia \u2013 Films from Turkey (Anadolu\u2019nun Tad\u0131 \u2013 T\u00fcrkiye\u2019den Filmler \/ TOA), Birle\u015fik Krall\u0131k\u2019\u0131n tek ba\u011f\u0131ms\u0131z T\u00fcrk film festivali \u00fcnvan\u0131n\u0131 ta\u015f\u0131yor. Uzun metrajl\u0131 film, k\u0131sa film ve belgesellerin yer alaca\u011f\u0131 festival, bu sene 2-5 Eyl\u00fcl tarihlerinde tamamen \u00e7evrim i\u00e7i ger\u00e7ekle\u015fecek ve filmler \u00f6nceden kay\u0131t yapt\u0131rm\u0131\u015f olan t\u00fcm izleyicilerle \u00fccretsiz olarak bulu\u015facak.<\/p>\n<h4>Festivalin g\u00fc\u00e7l\u00fc h\u00e2m\u00eeleri&nbsp;<\/h4>\n<p>Festivalin&nbsp; h\u00e2m\u00eeleri aras\u0131nda Kadir \u0130nan\u0131r, Selda Alkor ve Bal\u0131k Arts&#8217;\u0131n eski e\u011fitmenlerinden Cengiz Bozkurt\u2019un yan\u0131 s\u0131ra, Britanyal\u0131 oyuncu Bhasker Patel, \u015fark\u0131c\u0131 \u00c7i\u011fdem Aslan, yap\u0131mc\u0131 Ahmet Baydar ve Cambridge \u00dcniversitesi&#8217;nde akademisyen ve ayn\u0131 zamanda politikac\u0131 olan Barones Julie Smith de var.<\/p>\n<p><img decoding=\"async\" src=\"https:\/\/by-tv.co.uk\/wp-content\/uploads\/2021\/07\/hami.jpg\" alt=\"\" title=\"\"><\/p>\n<p>\u0130ngiltere&#8217;deki \u00f6nemli k\u00fclt\u00fcrel etkinliklerden biri olan Taste of Anatolia Birle\u015fik Krall\u0131k\u2019taki T\u00fcrkiyeliler ve Kuzey K\u0131br\u0131sl\u0131lara kendilerini g\u00f6sterme ve d\u00fc\u015f\u00fcncelerini aktarma \u015fans\u0131 veriyor.<\/p>\n<h4>T\u00fcrkiye&#8217;nin renkleri festivalde<\/h4>\n<p>Festival T\u00fcrkiye\u2019nin \u00e7ok renkli ger\u00e7ek i\u00e7y\u00fcz\u00fcn\u00fc anlatmay\u0131, insanlar\u0131n\u0131 ve k\u00fclt\u00fcrlerini Do\u011fu \u0130ngiltere ve \u00f6tesindeki izleyicilerle bulu\u015fturmay\u0131 ve \u00fclke hakk\u0131ndaki olumsuz yarg\u0131lar\u0131 sorgulamay\u0131 ama\u00e7l\u0131yor. T\u00fcrkiye\u2019nin, farkl\u0131 k\u00fclt\u00fcr, dil ve inan\u00e7lar\u0131yla T\u00fcrkler, K\u00fcrtler, Lazlar, \u00c7erkezler, Rumlar, Ermeniler, Araplar ve K\u0131br\u0131sl\u0131 T\u00fcrklerinden olu\u015fan etnik mozai\u011finin de\u011feri Britanya\u2019da pek bilinmiyor.<\/p>\n<p>TOA \u00fclkenin g\u00f6z al\u0131c\u0131 co\u011frafyas\u0131n\u0131, \u0130stanbul ve Adana gibi b\u00fcy\u00fck \u015fehirlerden Ege ve Akdeniz k\u0131y\u0131lar\u0131na, Karadeniz yaylalar\u0131na ve Anadolu ovalar\u0131na uzanarak g\u00f6steriyor. Festivalin cesur program\u0131 da hayati konulara odaklan\u0131yor: siyasi eylem, su\u00e7, alternatif hayat tarzlar\u0131, gen\u00e7lik k\u00fclt\u00fcr\u00fc, s\u0131n\u0131f, g\u00f6\u00e7, m\u00fclteciler, din, k\u0131rsal ya\u015fam, kentle\u015fme ve insan haklar\u0131.<\/p>\n<p>T\u00fcrkiye\u2019nin uzun bir sinema tarihi ve aktif bir ba\u011f\u0131ms\u0131z film sekt\u00f6r\u00fcne sahip oldu\u011funu belirten Festival Direkt\u00f6r\u00fc Ye\u015fim G\u00fczelp\u0131nar, \u201c Bu maalesef Britanya\u2019da pek bilinmiyor, \u00e7\u00fcnk\u00fc T\u00fcrk filmleri Londra d\u0131\u015f\u0131nda nadiren izleyiciyle bulu\u015fuyor. Bu da sinemac\u0131lar\u0131n bilinmemesine ve izleyicinin bilgisiz kalmas\u0131na neden oluyor\u201d dedi.<\/p>\n<p><img decoding=\"async\" src=\"https:\/\/by-tv.co.uk\/wp-content\/uploads\/2021\/07\/yg.jpg\" alt=\"\" title=\"\"><\/p>\n<pre><em>Soldan Sa\u011fa: Rahima Abduvalieva-Kadir \u0130nan\u0131r-Ye\u015fim G\u00fczelp\u0131nar\r\n5th International Chingiz Aitmatov Awards Ceremony<\/em><\/pre>\n<p>18-30 ya\u015f grubu i\u00e7in projelerde uzmanla\u015fan, Cambridge\u2019deki vak\u0131f Bal\u0131k Arts, bu sene de TOA\u2019n\u0131n merkezine yine gen\u00e7leri koyacak. 2021 program\u0131nda yer alan yeni film y\u00f6netmenlerini se\u00e7ecek olan, gen\u00e7lerin \u00f6nc\u00fcl\u00fc\u011f\u00fcndeki festival, onlara festival organizat\u00f6r\u00fc olarak pratik beceriler geli\u015ftirmeleri i\u00e7in imk\u00e2n sunarken, daha gen\u00e7 izleyicileri de T\u00fcrkiye sinemas\u0131 ile bulu\u015fturmay\u0131 ama\u00e7l\u0131yor.<\/p>\n<h4>Bal\u0131k Arts: 15 y\u0131ll\u0131k film festivali d\u00fczenleme deneyimi<\/h4>\n<p>Bal\u0131k Arts\u2019\u0131n film festivali d\u00fczenleme deneyimi on be\u015f y\u0131ll\u0131k. Londra T\u00fcrk Film Festivali\u2019nin Kuzey Londra\u2019dan merkeze (West End) yay\u0131lmas\u0131na yard\u0131m ettiler ve Kuzey K\u0131br\u0131s\u2019taki Alt\u0131n Ada Uluslararas\u0131 Film Festivali\u2019ni ba\u015flatt\u0131lar. Bu sene ayr\u0131ca, Yozgat\u2019taki ilk uluslararas\u0131 film festivalinin organizasyonuna destek oluyorlar.<\/p>\n<p><img decoding=\"async\" src=\"https:\/\/by-tv.co.uk\/wp-content\/uploads\/2021\/07\/TOA-II-September-2019-1.jpg\" alt=\"\" title=\"\"><\/p>\n<p>Ekip, Banglade\u015f\u2019teki Dakka Uluslararas\u0131 Film Festivali ve Cambridge Film Festivali i\u00e7in T\u00fcrk filmleri se\u00e7iyor. Ayr\u0131ca Watersprite \u00d6\u011frenci Film Festivali, So\u00e7i Uluslararas\u0131 Film Festivali, Rainbow Film Festivali ve East End Film Festivali ile ortak film g\u00f6sterimi, j\u00fcri \u00e7al\u0131\u015fmas\u0131, programlama ve \u00e7al\u0131\u015ftaylarda i\u015fbirli\u011fi yapt\u0131lar.<\/p>\n<p>&nbsp;<\/p>\n<div id=\"briti-2946195008\" class=\"briti-icerikten-sonra_2\" style=\"margin-top: 25px;margin-bottom: 25px;\"><a href=\"https:\/\/wa.me\/message\/NDZLLIOQT4H3O1\" aria-label=\"bytv reklam banner\"><img loading=\"lazy\" decoding=\"async\" src=\"https:\/\/by-tv.co.uk\/wp-content\/uploads\/2025\/12\/bytv-reklam-banner.jpg\" alt=\"\"  width=\"2376\" height=\"1008\"   \/><\/a><\/div>","protected":false},"excerpt":{"rendered":"<p>Bal\u0131k Arts taraf\u0131ndan \u0130ngiltere&#8217;de d\u00fczenlenen ve bu sene \u00fc\u00e7\u00fcnc\u00fcs\u00fc ger\u00e7ekle\u015fecek Taste of Anatolia -Films from Turkey Festivali\u2019ne rekor say\u0131da film i\u00e7in ba\u015fvuru yap\u0131ld\u0131. Birle\u015fik Krall\u0131k\u2019taki film ve sanat vakf\u0131na T\u00fcrkiye&#8217;deki ve d\u00fcnyan\u0131n farkl\u0131 yerlerindeki sinemac\u0131lardan 1469 ba\u015fvuru geldi. Rekor ba\u015fvuru Festival Direkt\u00f6r\u00fc Ye\u015fim G\u00fczelp\u0131nar, \u201cD\u00fcnyan\u0131n d\u00f6rt bir yan\u0131ndan ba\u015fvurular yap\u0131ld\u0131. Daha \u00e7ok sinemac\u0131n\u0131n kat\u0131labilmesi i\u00e7in bu s\u00fcreci \u00fccretsiz yapt\u0131k. Bize \u00e7ok \u00e7e\u015fitli filmlerden se\u00e7me imk\u00e2n\u0131 veren, neredeyse 1500 filmin g\u00f6nderilmesinden \u00e7ok mutluyuz\u201d dedi. Bu sene \u00fc\u00e7\u00fcnc\u00fcs\u00fc yap\u0131lacak olan Taste of Anatolia \u2013 Films from Turkey (Anadolu\u2019nun Tad\u0131 \u2013 T\u00fcrkiye\u2019den Filmler \/ TOA), Birle\u015fik Krall\u0131k\u2019\u0131n tek ba\u011f\u0131ms\u0131z T\u00fcrk film festivali \u00fcnvan\u0131n\u0131 [&hellip;]<\/p>\n","protected":false},"author":1,"featured_media":11545,"comment_status":"open","ping_status":"open","sticky":false,"template":"","format":"standard","meta":{"ngg_post_thumbnail":0,"footnotes":""},"categories":[1],"tags":[],"class_list":["post-11542","post","type-post","status-publish","format-standard","has-post-thumbnail","hentry","category-genel"],"_links":{"self":[{"href":"https:\/\/by-tv.co.uk\/en\/wp-json\/wp\/v2\/posts\/11542","targetHints":{"allow":["GET"]}}],"collection":[{"href":"https:\/\/by-tv.co.uk\/en\/wp-json\/wp\/v2\/posts"}],"about":[{"href":"https:\/\/by-tv.co.uk\/en\/wp-json\/wp\/v2\/types\/post"}],"author":[{"embeddable":true,"href":"https:\/\/by-tv.co.uk\/en\/wp-json\/wp\/v2\/users\/1"}],"replies":[{"embeddable":true,"href":"https:\/\/by-tv.co.uk\/en\/wp-json\/wp\/v2\/comments?post=11542"}],"version-history":[{"count":0,"href":"https:\/\/by-tv.co.uk\/en\/wp-json\/wp\/v2\/posts\/11542\/revisions"}],"wp:featuredmedia":[{"embeddable":true,"href":"https:\/\/by-tv.co.uk\/en\/wp-json\/wp\/v2\/media\/11545"}],"wp:attachment":[{"href":"https:\/\/by-tv.co.uk\/en\/wp-json\/wp\/v2\/media?parent=11542"}],"wp:term":[{"taxonomy":"category","embeddable":true,"href":"https:\/\/by-tv.co.uk\/en\/wp-json\/wp\/v2\/categories?post=11542"},{"taxonomy":"post_tag","embeddable":true,"href":"https:\/\/by-tv.co.uk\/en\/wp-json\/wp\/v2\/tags?post=11542"}],"curies":[{"name":"wp","href":"https:\/\/api.w.org\/{rel}","templated":true}]}}