{"id":11531,"date":"2021-07-14T21:43:01","date_gmt":"2021-07-14T20:43:01","guid":{"rendered":"https:\/\/by-tv.co.uk\/?p=11531"},"modified":"2021-07-14T21:43:01","modified_gmt":"2021-07-14T20:43:01","slug":"turkiye-kirmizi-listede-kaldi-ulastirma-bakanina-tepki-yagdi-karar-siyasi","status":"publish","type":"post","link":"https:\/\/by-tv.co.uk\/en\/turkiye-kirmizi-listede-kaldi-ulastirma-bakanina-tepki-yagdi-karar-siyasi\/","title":{"rendered":"T\u00fcrkiye k\u0131rm\u0131z\u0131 listede kald\u0131, Ula\u015ft\u0131rma bakan\u0131na tepki ya\u011fd\u0131: &#8220;Karar siyasi&#8221;"},"content":{"rendered":"<p>\u0130ngiltere Ula\u015ft\u0131rma Bakan\u0131 Grant Shapps, Twitter hesab\u0131ndan yapt\u0131\u011f\u0131 payla\u015f\u0131mda, yeni tip koronavir\u00fcs salg\u0131n\u0131yla m\u00fccadele kapsam\u0131nda olu\u015fturduklar\u0131 ve &#8220;trafik \u0131\u015f\u0131\u011f\u0131 sistemi&#8221; ad\u0131n\u0131 verdikleri seyahat listesinde g\u00fcncelleme yap\u0131ld\u0131\u011f\u0131n\u0131 belirtti. Vaka say\u0131lar\u0131 iyice d\u00fc\u015fen ve a\u015f\u0131lamada \u00f6nemli bir yol kateden T\u00fcrkiye&#8217;yi k\u0131rm\u0131z\u0131 listeden \u00e7\u0131karmad\u0131.<\/p>\n<blockquote class=\"twitter-tweet\">\n<p dir=\"ltr\" lang=\"en\">From 4.00am Monday 19th July Bulgaria &amp; Hong Kong will be added to the green list \ud83d\udfe2 and Croatia &amp; Taiwan the green watchlist of destinations. Please check latest travel advice before you travel as countries and territories may have extra requirements before you get there.<\/p>\n<p>\u2014 Rt Hon Grant Shapps MP (@grantshapps) <a href=\"https:\/\/twitter.com\/grantshapps\/status\/1415352664603385867?ref_src=twsrc%5Etfw\" target=\"_blank\" rel=\"noopener\">July 14, 2021<\/a><\/p><\/blockquote>\n<p><script async=\"\" src=\"https:\/\/platform.twitter.com\/widgets.js\" charset=\"utf-8\"><\/script><\/p>\n<p>Bu karar \u00fczerine Twitter&#8217;da Bakan Shapps&#8217;a hem T\u00fcrk kullan\u0131c\u0131lar hem de \u0130ngiliz kullan\u0131c\u0131lardan y\u00fczlerce&nbsp; tepki mesaj\u0131 yaz\u0131ld\u0131.<\/p>\n<p>Baz\u0131 mesajlar \u015f\u00f6yle;&nbsp;<\/p><div id=\"briti-2560416752\" class=\"briti-icerik\" style=\"margin-top: 5px;margin-bottom: 5px;\"><a href=\"https:\/\/piaryum.com\/services\/\" aria-label=\"piaryum banner\"><img loading=\"lazy\" decoding=\"async\" src=\"https:\/\/by-tv.co.uk\/wp-content\/uploads\/2025\/12\/Gemini_Generated_Image_g5yqr1g5yqr1g5yq.jpg\" alt=\"\"  width=\"2064\" height=\"1152\"   \/><\/a><\/div>\n<p>Emre \u00d6zcan isimli Twitter kullan\u0131c\u0131s\u0131 &#8220;Bulgaristan ve Hong Kong ye\u015fil listeye, H\u0131rvatistan ve Tayvan ise 19 Temmuz Pazartesi sabah\u0131 saat 4&#8217;te ye\u015fil izleme listesine ge\u00e7ecek. Balear Adalar\u0131 ve \u0130ngiliz Virgin Adalar\u0131 ye\u015filden kehribar listesine ge\u00e7ecek. K\u00fcba, Endonezya, Myanmar ve Sierra Leone kehribardan k\u0131rm\u0131z\u0131 listeye ge\u00e7ecek.<\/p>\n<blockquote class=\"twitter-tweet\">\n<p dir=\"ltr\" lang=\"en\">Turkey still in red list because this is all about politics&#8230;!!<\/p>\n<p>If you look at the list of green and amber list with the cases that countries have now , it Dosent make sense at all&#8230;!!<\/p>\n<p>\u2014 Ercan Ozcan (@erozcn) <a href=\"https:\/\/twitter.com\/erozcn\/status\/1415373909411647489?ref_src=twsrc%5Etfw\" target=\"_blank\" rel=\"noopener\">July 14, 2021<\/a><\/p><\/blockquote>\n<p><script async=\"\" src=\"https:\/\/platform.twitter.com\/widgets.js\" charset=\"utf-8\"><\/script><br \/>\nT\u00fcrkiye hala k\u0131rm\u0131z\u0131 listede \u00e7\u00fcnk\u00fc bu siyasetle ilgili&#8230;!! Ye\u015fil ve sar\u0131 listesine \u015fu anda \u00fclkelerin sahip oldu\u011fu vakalarla bakarsan\u0131z, hi\u00e7 mant\u0131kl\u0131 de\u011fil&#8230;!!&#8221; diye yazd\u0131.<\/p>\n<div class=\"css-1dbjc4n r-18u37iz r-15zivkp\" data-testid=\"tweet\">\n<div class=\"css-1dbjc4n r-1iusvr4 r-16y2uox r-1777fci\">\n<div class=\"css-1dbjc4n\">\n<div class=\"css-1dbjc4n r-zl2h9q\">\n<div class=\"css-1dbjc4n r-k4xj1c r-18u37iz r-1wtj0ep\">\n<div class=\"css-1dbjc4n r-1wbh5a2 r-dnmrzs\">\n<div id=\"id__6b4a1ltrzle\" class=\"css-1dbjc4n r-1wbh5a2 r-dnmrzs r-1ny4l3l\">\n<div class=\"css-1dbjc4n r-18u37iz r-1wbh5a2\">\n<p class=\"css-901oao css-bfa6kz r-111h2gw r-18u37iz r-1qd0xha r-a023e6 r-16dba41 r-rjixqe r-bcqeeo r-qvutc0\" dir=\"ltr\"><span class=\"css-901oao css-16my406 r-poiln3 r-bcqeeo r-qvutc0\">@mj____10&nbsp;<\/span><\/p>\n<p class=\"css-901oao css-bfa6kz r-111h2gw r-18u37iz r-1qd0xha r-a023e6 r-16dba41 r-rjixqe r-bcqeeo r-qvutc0\" dir=\"ltr\"><em><span style=\"font-size: 1.21429rem;\">&#8220;T\u00fcrkiye&#8217;nin sorunu ne? Vaka oranlar\u0131 \u0130ngiltere&#8217;den daha d\u00fc\u015f\u00fck!! ge\u00e7en y\u0131lkiyle ayn\u0131 sa\u00e7mal\u0131k ama \u0130ngiltere&#8217;nin %75&#8217;i \u015fimdi iki kez h\u0131rpaland\u0131&#8221;<\/span><\/em><\/p>\n<\/div>\n<\/div>\n<\/div>\n<div dir=\"ltr\">\n<div class=\"css-1dbjc4n r-18u37iz r-15zivkp\" data-testid=\"tweet\">\n<div class=\"css-1dbjc4n r-1iusvr4 r-16y2uox r-1777fci\">\n<div class=\"css-1dbjc4n\">\n<div class=\"css-1dbjc4n r-zl2h9q\">\n<div class=\"css-1dbjc4n r-k4xj1c r-18u37iz r-1wtj0ep\">\n<div class=\"css-1dbjc4n r-1wbh5a2 r-dnmrzs\">\n<div dir=\"ltr\">@angelhay<\/div>\n<div id=\"id__xe0almjfidf\" class=\"css-1dbjc4n r-1wbh5a2 r-dnmrzs r-1ny4l3l\">\n<div class=\"css-1dbjc4n r-18u37iz r-1wbh5a2\">\n<div class=\"css-901oao css-bfa6kz r-111h2gw r-18u37iz r-1qd0xha r-a023e6 r-16dba41 r-rjixqe r-bcqeeo r-qvutc0\" dir=\"ltr\"><em>&#8220;Peki T\u00fcrkiye?? Neyi koru? Yurtd\u0131\u015f\u0131na \u00e7\u0131kmaktansa \u0130ngiltere&#8217;de covid kapma riskim daha fazla!.&#8221;<\/em><\/div>\n<div dir=\"ltr\">&nbsp;<\/div>\n<\/div>\n<\/div>\n<div dir=\"ltr\">\n<div id=\"id__y8qbwqtbsgi\" class=\"css-1dbjc4n r-1wbh5a2 r-dnmrzs r-1ny4l3l\">\n<div class=\"css-1dbjc4n r-18u37iz r-1wbh5a2\">\n<div class=\"css-901oao css-bfa6kz r-111h2gw r-18u37iz r-1qd0xha r-a023e6 r-16dba41 r-rjixqe r-bcqeeo r-qvutc0\" dir=\"ltr\"><span class=\"css-901oao css-16my406 r-poiln3 r-bcqeeo r-qvutc0\">@mikeymarmaris<\/span><\/div>\n<\/div>\n<div dir=\"ltr\"><em>&#8220;T\u00fcrkiye&#8217;nin 85 milyonluk n\u00fcfusunun 60 milyonu a\u015f\u0131land\u0131 ve hala kehribar listesinde de\u011filseniz bu karar kesinlikle siyasidir.&#8221;<\/em><\/div>\n<div dir=\"ltr\">&nbsp;<\/div>\n<\/div>\n<div dir=\"ltr\">\n<div class=\"css-1dbjc4n r-18u37iz r-15zivkp\" data-testid=\"tweet\">\n<div class=\"css-1dbjc4n r-1iusvr4 r-16y2uox r-1777fci\">\n<div class=\"css-1dbjc4n\">\n<div class=\"css-1dbjc4n r-zl2h9q\">\n<div class=\"css-1dbjc4n r-k4xj1c r-18u37iz r-1wtj0ep\">\n<div class=\"css-1dbjc4n r-1wbh5a2 r-dnmrzs\">\n<div id=\"id__wjb055e7jbj\" class=\"css-1dbjc4n r-1wbh5a2 r-dnmrzs r-1ny4l3l\">\n<div class=\"css-1dbjc4n r-18u37iz r-1wbh5a2\">\n<div class=\"css-901oao css-bfa6kz r-111h2gw r-18u37iz r-1qd0xha r-a023e6 r-16dba41 r-rjixqe r-bcqeeo r-qvutc0\" dir=\"ltr\"><span class=\"css-901oao css-16my406 r-poiln3 r-bcqeeo r-qvutc0\">@DackFerhan<\/span><\/div>\n<\/div>\n<\/div>\n<\/div>\n<div class=\"css-1dbjc4n r-1joea0r\">\n<div class=\"css-1dbjc4n\">\n<div class=\"css-1dbjc4n r-18u37iz r-1h0z5md\">\n<div class=\"css-18t94o4 css-1dbjc4n r-1777fci r-bt1l66 r-1ny4l3l r-bztko3 r-lrvibr\" tabindex=\"0\" role=\"button\" aria-expanded=\"false\" aria-haspopup=\"menu\" aria-label=\"Daha fazla\" data-testid=\"caret\">\n<div class=\"css-901oao r-1awozwy r-111h2gw r-6koalj r-1qd0xha r-a023e6 r-16dba41 r-1h0z5md r-rjixqe r-bcqeeo r-o7ynqc r-clp7b1 r-3s2u2q r-qvutc0\" dir=\"ltr\">\n<div class=\"css-1dbjc4n r-xoduu5\">\n<div class=\"css-1dbjc4n r-1niwhzg r-sdzlij r-1p0dtai r-xoduu5 r-1d2f490 r-xf4iuw r-1ny4l3l r-u8s1d r-zchlnj r-ipm5af r-o7ynqc r-6416eg\"><em>&#8220;H\u00fck\u00fcmetin bug\u00fcnk\u00fc incelemesinden sonra son derece sinirli ve \u00fczg\u00fcn\u00fcm. T\u00fcrkiye&#8217;de vaka say\u0131s\u0131 Fransa ve \u0130spanya gibi kehribar listedeki \u00fclkelere g\u00f6re \u00e7ok daha az olmas\u0131na ra\u011fmen yine de k\u0131rm\u0131z\u0131 listede kald\u0131. Ailemi 18 ayd\u0131r g\u00f6rm\u00fcyorum. Konu sadece tatil de\u011fil!!&#8221;<\/em><\/div>\n<div>&nbsp;<\/div>\n<\/div>\n<\/div>\n<\/div>\n<\/div>\n<\/div>\n<\/div>\n<\/div>\n<\/div>\n<\/div>\n<\/div>\n<\/div>\n<div class=\"css-1dbjc4n\">\n<div class=\"css-1dbjc4n r-4qtqp9 r-p1pxzi r-1s2bzr4\">\n<div id=\"id__uzhmy2z8228\" class=\"css-901oao r-111h2gw r-1qd0xha r-a023e6 r-16dba41 r-rjixqe r-bcqeeo r-qvutc0\" dir=\"auto\">\n<div class=\"css-1dbjc4n r-xoduu5\">&nbsp;<\/div>\n<\/div>\n<\/div>\n<\/div>\n<\/div>\n<\/div>\n<\/div>\n<div class=\"css-1dbjc4n r-1joea0r\">\n<div class=\"css-1dbjc4n\">\n<div class=\"css-1dbjc4n r-18u37iz r-1h0z5md\">\n<div class=\"css-18t94o4 css-1dbjc4n r-1777fci r-bt1l66 r-1ny4l3l r-bztko3 r-lrvibr\" tabindex=\"0\" role=\"button\" aria-expanded=\"false\" aria-haspopup=\"menu\" aria-label=\"Daha fazla\" data-testid=\"caret\">\n<div class=\"css-901oao r-1awozwy r-111h2gw r-6koalj r-1qd0xha r-a023e6 r-16dba41 r-1h0z5md r-rjixqe r-bcqeeo r-o7ynqc r-clp7b1 r-3s2u2q r-qvutc0\" dir=\"ltr\">\n<div class=\"css-1dbjc4n r-xoduu5\">\n<div class=\"css-1dbjc4n r-1niwhzg r-sdzlij r-1p0dtai r-xoduu5 r-1d2f490 r-xf4iuw r-1ny4l3l r-u8s1d r-zchlnj r-ipm5af r-o7ynqc r-6416eg\">&nbsp;<\/div>\n<\/div>\n<\/div>\n<\/div>\n<\/div>\n<\/div>\n<\/div>\n<\/div>\n<\/div>\n<\/div>\n<\/div>\n<\/div>\n<div class=\"css-1dbjc4n\">\n<div class=\"css-1dbjc4n r-4qtqp9 r-p1pxzi r-1s2bzr4\">\n<div id=\"id__u4q4q5a5eb\" class=\"css-901oao r-111h2gw r-1qd0xha r-a023e6 r-16dba41 r-rjixqe r-bcqeeo r-qvutc0\" dir=\"auto\">\n<div class=\"css-1dbjc4n r-xoduu5\">&nbsp;<\/div>\n<\/div>\n<\/div>\n<\/div>\n<\/div>\n<\/div>\n<\/div>\n<\/div>\n<\/div>\n<\/div>\n<div id=\"briti-1339875482\" class=\"briti-icerikten-sonra_2\" style=\"margin-top: 25px;margin-bottom: 25px;\"><a href=\"https:\/\/wa.me\/message\/NDZLLIOQT4H3O1\" aria-label=\"bytv reklam banner\"><img loading=\"lazy\" decoding=\"async\" src=\"https:\/\/by-tv.co.uk\/wp-content\/uploads\/2025\/12\/bytv-reklam-banner.jpg\" alt=\"\"  width=\"2376\" height=\"1008\"   \/><\/a><\/div>","protected":false},"excerpt":{"rendered":"<p>\u0130ngiltere Ula\u015ft\u0131rma Bakan\u0131 Grant Shapps, Twitter hesab\u0131ndan yapt\u0131\u011f\u0131 payla\u015f\u0131mda, yeni tip koronavir\u00fcs salg\u0131n\u0131yla m\u00fccadele kapsam\u0131nda olu\u015fturduklar\u0131 ve &#8220;trafik \u0131\u015f\u0131\u011f\u0131 sistemi&#8221; ad\u0131n\u0131 verdikleri seyahat listesinde g\u00fcncelleme yap\u0131ld\u0131\u011f\u0131n\u0131 belirtti. Vaka say\u0131lar\u0131 iyice d\u00fc\u015fen ve a\u015f\u0131lamada \u00f6nemli bir yol kateden T\u00fcrkiye&#8217;yi k\u0131rm\u0131z\u0131 listeden \u00e7\u0131karmad\u0131. From 4.00am Monday 19th July Bulgaria &amp; Hong Kong will be added to the green list \ud83d\udfe2 and Croatia &amp; Taiwan the green watchlist of destinations. Please check latest travel advice before you travel as countries and territories may have extra requirements before you get there. \u2014 Rt Hon Grant Shapps MP (@grantshapps) July 14, 2021 Bu karar \u00fczerine [&hellip;]<\/p>\n","protected":false},"author":1,"featured_media":11532,"comment_status":"open","ping_status":"open","sticky":false,"template":"","format":"standard","meta":{"ngg_post_thumbnail":0,"footnotes":""},"categories":[15],"tags":[],"class_list":["post-11531","post","type-post","status-publish","format-standard","has-post-thumbnail","hentry","category-ingiltere"],"_links":{"self":[{"href":"https:\/\/by-tv.co.uk\/en\/wp-json\/wp\/v2\/posts\/11531","targetHints":{"allow":["GET"]}}],"collection":[{"href":"https:\/\/by-tv.co.uk\/en\/wp-json\/wp\/v2\/posts"}],"about":[{"href":"https:\/\/by-tv.co.uk\/en\/wp-json\/wp\/v2\/types\/post"}],"author":[{"embeddable":true,"href":"https:\/\/by-tv.co.uk\/en\/wp-json\/wp\/v2\/users\/1"}],"replies":[{"embeddable":true,"href":"https:\/\/by-tv.co.uk\/en\/wp-json\/wp\/v2\/comments?post=11531"}],"version-history":[{"count":0,"href":"https:\/\/by-tv.co.uk\/en\/wp-json\/wp\/v2\/posts\/11531\/revisions"}],"wp:featuredmedia":[{"embeddable":true,"href":"https:\/\/by-tv.co.uk\/en\/wp-json\/wp\/v2\/media\/11532"}],"wp:attachment":[{"href":"https:\/\/by-tv.co.uk\/en\/wp-json\/wp\/v2\/media?parent=11531"}],"wp:term":[{"taxonomy":"category","embeddable":true,"href":"https:\/\/by-tv.co.uk\/en\/wp-json\/wp\/v2\/categories?post=11531"},{"taxonomy":"post_tag","embeddable":true,"href":"https:\/\/by-tv.co.uk\/en\/wp-json\/wp\/v2\/tags?post=11531"}],"curies":[{"name":"wp","href":"https:\/\/api.w.org\/{rel}","templated":true}]}}