{"id":11493,"date":"2021-07-13T17:44:22","date_gmt":"2021-07-13T16:44:22","guid":{"rendered":"https:\/\/by-tv.co.uk\/?p=11493"},"modified":"2021-07-13T17:48:10","modified_gmt":"2021-07-13T16:48:10","slug":"uefadan-euro-2020-finaline-sorusturma","status":"publish","type":"post","link":"https:\/\/by-tv.co.uk\/en\/uefadan-euro-2020-finaline-sorusturma\/","title":{"rendered":"UEFA\u2019dan EURO 2020 finaline soru\u015fturma"},"content":{"rendered":"<p><strong>UEFA<\/strong>, normal s\u00fcresi ve uzatmalar\u0131 1-1 sona ermesinin ard\u0131ndan <strong>\u0130talya<\/strong>&#8216;n\u0131n penalt\u0131lar sonucu <strong>\u0130ngiltere<\/strong>&#8216;yi 3-2 yenerek kupaya uzand\u0131\u011f\u0131 2020 Avrupa Futbol \u015eampiyonas\u0131 (<strong>EURO 2020<\/strong>) finaline ili\u015fkin soru\u015fturma ba\u015flatt\u0131\u011f\u0131n\u0131 duyurdu.<\/p>\n<p>Yap\u0131lan a\u00e7\u0131klamaya g\u00f6re, \u0130ngiltere&#8217;nin ba\u015fkentindeki <strong>Wembley<\/strong> Stad\u0131&#8217;nda 11 Temmuz&#8217;da oynanan final ma\u00e7\u0131na ili\u015fkin ba\u015flat\u0131lan soru\u015fturmada, \u0130ngiltere Futbol Federasyonu, d\u00f6rt konu ba\u015fl\u0131\u011f\u0131nda incelenecek.<\/p>\n<p>\u0130ngiltere, ma\u00e7 oynand\u0131\u011f\u0131 s\u0131rada taraftarlar\u0131n izinsiz sahaya girmesi, trib\u00fcnlerden sahaya yabanc\u0131 madde at\u0131lmas\u0131, milli mar\u015flar s\u0131ras\u0131nda trib\u00fcnde ya\u015fanan olaylar ve taraftarlar\u0131n trib\u00fcnlerde yan\u0131c\u0131 madde kullanmas\u0131 gerek\u00e7eleriyle soru\u015fturmaya tabi tutulacak.<\/p><div id=\"briti-2541093813\" class=\"briti-icerik\" style=\"margin-top: 5px;margin-bottom: 5px;\"><a href=\"https:\/\/piaryum.com\/services\/\" aria-label=\"piaryum banner\"><img loading=\"lazy\" decoding=\"async\" src=\"https:\/\/by-tv.co.uk\/wp-content\/uploads\/2025\/12\/Gemini_Generated_Image_g5yqr1g5yqr1g5yq.jpg\" alt=\"\"  width=\"2064\" height=\"1152\"   \/><\/a><\/div>\n<p>UEFA Kontrol, Etik ve Disiplin Kurulunun g\u00f6revlendirdi\u011fi bir m\u00fcfetti\u015f ise taraftarlar\u0131n stat i\u00e7i ve d\u0131\u015f\u0131nda yol a\u00e7t\u0131\u011f\u0131 ta\u015fk\u0131nl\u0131klara ili\u015fkin ayr\u0131 bir disiplin soru\u015fturmas\u0131 y\u00fcr\u00fctecek.<\/p>\n<p>Final ma\u00e7\u0131 \u00f6ncesi Wembley Stad\u0131 \u00e7evresi ve \u015fehir merkezindeki Leicester Square&#8217;de taraftarlar ile polis aras\u0131nda arbede ya\u015fanm\u0131\u015f ve ta\u015fk\u0131nl\u0131k yapan baz\u0131 \u0130ngiliz taraftarlar, g\u00f6zalt\u0131na al\u0131nm\u0131\u015ft\u0131.<\/p>\n<p>Wembley Stad\u0131&#8217;n\u0131n giri\u015finde ise \u00e7ok say\u0131da taraftar, g\u00fcvenlik b\u00f6lgesini a\u015farak stada girmeye \u00e7al\u0131\u015fm\u0131\u015f ve g\u00fcvenlik g\u00f6revlileriyle bir kez daha kar\u015f\u0131 kar\u015f\u0131ya gelmi\u015flerdi.<\/p>\n<div id=\"briti-19183333\" class=\"briti-icerikten-sonra_2\" style=\"margin-top: 25px;margin-bottom: 25px;\"><a href=\"https:\/\/wa.me\/message\/NDZLLIOQT4H3O1\" aria-label=\"bytv reklam banner\"><img loading=\"lazy\" decoding=\"async\" src=\"https:\/\/by-tv.co.uk\/wp-content\/uploads\/2025\/12\/bytv-reklam-banner.jpg\" alt=\"\"  width=\"2376\" height=\"1008\"   \/><\/a><\/div>","protected":false},"excerpt":{"rendered":"<p>UEFA, normal s\u00fcresi ve uzatmalar\u0131 1-1 sona ermesinin ard\u0131ndan \u0130talya&#8216;n\u0131n penalt\u0131lar sonucu \u0130ngiltere&#8216;yi 3-2 yenerek kupaya uzand\u0131\u011f\u0131 2020 Avrupa Futbol \u015eampiyonas\u0131 (EURO 2020) finaline ili\u015fkin soru\u015fturma ba\u015flatt\u0131\u011f\u0131n\u0131 duyurdu. Yap\u0131lan a\u00e7\u0131klamaya g\u00f6re, \u0130ngiltere&#8217;nin ba\u015fkentindeki Wembley Stad\u0131&#8217;nda 11 Temmuz&#8217;da oynanan final ma\u00e7\u0131na ili\u015fkin ba\u015flat\u0131lan soru\u015fturmada, \u0130ngiltere Futbol Federasyonu, d\u00f6rt konu ba\u015fl\u0131\u011f\u0131nda incelenecek. \u0130ngiltere, ma\u00e7 oynand\u0131\u011f\u0131 s\u0131rada taraftarlar\u0131n izinsiz sahaya girmesi, trib\u00fcnlerden sahaya yabanc\u0131 madde at\u0131lmas\u0131, milli mar\u015flar s\u0131ras\u0131nda trib\u00fcnde ya\u015fanan olaylar ve taraftarlar\u0131n trib\u00fcnlerde yan\u0131c\u0131 madde kullanmas\u0131 gerek\u00e7eleriyle soru\u015fturmaya tabi tutulacak. UEFA Kontrol, Etik ve Disiplin Kurulunun g\u00f6revlendirdi\u011fi bir m\u00fcfetti\u015f ise taraftarlar\u0131n stat i\u00e7i ve d\u0131\u015f\u0131nda yol a\u00e7t\u0131\u011f\u0131 ta\u015fk\u0131nl\u0131klara ili\u015fkin ayr\u0131 bir [&hellip;]<\/p>\n","protected":false},"author":7,"featured_media":0,"comment_status":"open","ping_status":"open","sticky":false,"template":"","format":"standard","meta":{"ngg_post_thumbnail":0,"footnotes":""},"categories":[15],"tags":[3226,286,149,1296,2961],"class_list":["post-11493","post","type-post","status-publish","format-standard","hentry","category-ingiltere","tag-euro-2020","tag-final","tag-ingiltere","tag-italya","tag-uefa"],"_links":{"self":[{"href":"https:\/\/by-tv.co.uk\/en\/wp-json\/wp\/v2\/posts\/11493","targetHints":{"allow":["GET"]}}],"collection":[{"href":"https:\/\/by-tv.co.uk\/en\/wp-json\/wp\/v2\/posts"}],"about":[{"href":"https:\/\/by-tv.co.uk\/en\/wp-json\/wp\/v2\/types\/post"}],"author":[{"embeddable":true,"href":"https:\/\/by-tv.co.uk\/en\/wp-json\/wp\/v2\/users\/7"}],"replies":[{"embeddable":true,"href":"https:\/\/by-tv.co.uk\/en\/wp-json\/wp\/v2\/comments?post=11493"}],"version-history":[{"count":0,"href":"https:\/\/by-tv.co.uk\/en\/wp-json\/wp\/v2\/posts\/11493\/revisions"}],"wp:attachment":[{"href":"https:\/\/by-tv.co.uk\/en\/wp-json\/wp\/v2\/media?parent=11493"}],"wp:term":[{"taxonomy":"category","embeddable":true,"href":"https:\/\/by-tv.co.uk\/en\/wp-json\/wp\/v2\/categories?post=11493"},{"taxonomy":"post_tag","embeddable":true,"href":"https:\/\/by-tv.co.uk\/en\/wp-json\/wp\/v2\/tags?post=11493"}],"curies":[{"name":"wp","href":"https:\/\/api.w.org\/{rel}","templated":true}]}}