{"id":11475,"date":"2021-07-13T10:46:00","date_gmt":"2021-07-13T09:46:00","guid":{"rendered":"https:\/\/by-tv.co.uk\/?p=11475"},"modified":"2021-07-13T10:46:00","modified_gmt":"2021-07-13T09:46:00","slug":"boris-johnsona-irkcilik-tepkisi-ikiyuzlu","status":"publish","type":"post","link":"https:\/\/by-tv.co.uk\/en\/boris-johnsona-irkcilik-tepkisi-ikiyuzlu\/","title":{"rendered":"Boris Johnson&#8217;a \u0131rk\u00e7\u0131l\u0131k tepkisi: \u0130kiy\u00fczl\u00fc"},"content":{"rendered":"<p><strong>EURO 2020<\/strong> finalinde kupay\u0131 <strong>\u0130talya<\/strong>\u2019ya kapt\u0131ran <strong>\u0130ngiltere<\/strong>\u2019nin penalt\u0131 at\u0131\u015flar\u0131ndan yararlanamayan \u0130ngiliz siyahi futbolcular\u0131na y\u00f6nelik \u0131rk\u00e7\u0131 sald\u0131r\u0131lara tepkiler devam ediyor.<\/p>\n<p>Guardian gazetesi, sald\u0131r\u0131lar\u0131 k\u0131nad\u0131klar\u0131n\u0131 a\u00e7\u0131klayan Ba\u015fbakan <strong>Boris Johnson <\/strong>ve \u0130\u00e7i\u015fleri Bakan\u0131 <strong>Priti Patel<\/strong>&#8216;in ikiy\u00fczl\u00fcl\u00fckle su\u00e7land\u0131\u011f\u0131n\u0131 yazd\u0131.<\/p>\n<p>Johnson ve Patel, ma\u00e7tan \u00f6nce \u0131rk\u00e7\u0131l\u0131\u011fa kar\u015f\u0131 diz \u00e7\u00f6ken futbolcular\u0131n yuhalanmas\u0131n\u0131 k\u0131namam\u0131\u015ft\u0131. Hatta Patel, taraftarlar\u0131n yuhalama hakk\u0131 oldu\u011funu s\u00f6ylemi\u015fti.<\/p><div id=\"briti-3645110986\" class=\"briti-icerik\" style=\"margin-top: 5px;margin-bottom: 5px;\"><a href=\"https:\/\/piaryum.com\/services\/\" aria-label=\"piaryum banner\"><img loading=\"lazy\" decoding=\"async\" src=\"https:\/\/by-tv.co.uk\/wp-content\/uploads\/2025\/12\/Gemini_Generated_Image_g5yqr1g5yqr1g5yq.jpg\" alt=\"\"  width=\"2064\" height=\"1152\"   \/><\/a><\/div>\n<p>\u0130\u015f\u00e7i Partisi lideri <strong>Keir Starmer<\/strong>, &#8220;Ba\u015fbakan o yuhalamalara kar\u015f\u0131 sesini \u00e7\u0131karmad\u0131. Liderlerin eylemleri ya da eylemsizli\u011finin sonu\u00e7lar\u0131 olur. Korkar\u0131m ki ba\u015fbakan\u0131n bug\u00fcnk\u00fc s\u00f6zleri inand\u0131r\u0131c\u0131 de\u011fil&#8221; ifadelerini kulland\u0131.<\/p>\n<p>Johnson, \u0131rk\u00e7\u0131 sald\u0131r\u0131lar sonras\u0131 Twitter\u2019da payla\u015ft\u0131\u011f\u0131 mesajda, &#8220;Bu tak\u0131m kahramanl\u0131\u011f\u0131yla \u00f6v\u00fclmeyi hak ediyor, \u0131rk\u00e7\u0131 sald\u0131r\u0131lar\u0131 de\u011fil&#8221; ifadelerine yer vermi\u015fti. (BBC T\u00dcRK\u00c7E)<\/p>\n<div id=\"briti-4050208649\" class=\"briti-icerikten-sonra_2\" style=\"margin-top: 25px;margin-bottom: 25px;\"><a href=\"https:\/\/wa.me\/message\/NDZLLIOQT4H3O1\" aria-label=\"bytv reklam banner\"><img loading=\"lazy\" decoding=\"async\" src=\"https:\/\/by-tv.co.uk\/wp-content\/uploads\/2025\/12\/bytv-reklam-banner.jpg\" alt=\"\"  width=\"2376\" height=\"1008\"   \/><\/a><\/div>","protected":false},"excerpt":{"rendered":"<p>EURO 2020 finalinde kupay\u0131 \u0130talya\u2019ya kapt\u0131ran \u0130ngiltere\u2019nin penalt\u0131 at\u0131\u015flar\u0131ndan yararlanamayan \u0130ngiliz siyahi futbolcular\u0131na y\u00f6nelik \u0131rk\u00e7\u0131 sald\u0131r\u0131lara tepkiler devam ediyor. Guardian gazetesi, sald\u0131r\u0131lar\u0131 k\u0131nad\u0131klar\u0131n\u0131 a\u00e7\u0131klayan Ba\u015fbakan Boris Johnson ve \u0130\u00e7i\u015fleri Bakan\u0131 Priti Patel&#8216;in ikiy\u00fczl\u00fcl\u00fckle su\u00e7land\u0131\u011f\u0131n\u0131 yazd\u0131. Johnson ve Patel, ma\u00e7tan \u00f6nce \u0131rk\u00e7\u0131l\u0131\u011fa kar\u015f\u0131 diz \u00e7\u00f6ken futbolcular\u0131n yuhalanmas\u0131n\u0131 k\u0131namam\u0131\u015ft\u0131. Hatta Patel, taraftarlar\u0131n yuhalama hakk\u0131 oldu\u011funu s\u00f6ylemi\u015fti. \u0130\u015f\u00e7i Partisi lideri Keir Starmer, &#8220;Ba\u015fbakan o yuhalamalara kar\u015f\u0131 sesini \u00e7\u0131karmad\u0131. Liderlerin eylemleri ya da eylemsizli\u011finin sonu\u00e7lar\u0131 olur. Korkar\u0131m ki ba\u015fbakan\u0131n bug\u00fcnk\u00fc s\u00f6zleri inand\u0131r\u0131c\u0131 de\u011fil&#8221; ifadelerini kulland\u0131. Johnson, \u0131rk\u00e7\u0131 sald\u0131r\u0131lar sonras\u0131 Twitter\u2019da payla\u015ft\u0131\u011f\u0131 mesajda, &#8220;Bu tak\u0131m kahramanl\u0131\u011f\u0131yla \u00f6v\u00fclmeyi hak ediyor, \u0131rk\u00e7\u0131 sald\u0131r\u0131lar\u0131 de\u011fil&#8221; ifadelerine yer vermi\u015fti. [&hellip;]<\/p>\n","protected":false},"author":7,"featured_media":0,"comment_status":"open","ping_status":"open","sticky":false,"template":"","format":"standard","meta":{"ngg_post_thumbnail":0,"footnotes":""},"categories":[15],"tags":[430,417,3226,286,149,1296,2053],"class_list":["post-11475","post","type-post","status-publish","format-standard","hentry","category-ingiltere","tag-birlesik-krallik","tag-boris-johnson","tag-euro-2020","tag-final","tag-ingiltere","tag-italya","tag-irkcilik"],"_links":{"self":[{"href":"https:\/\/by-tv.co.uk\/en\/wp-json\/wp\/v2\/posts\/11475","targetHints":{"allow":["GET"]}}],"collection":[{"href":"https:\/\/by-tv.co.uk\/en\/wp-json\/wp\/v2\/posts"}],"about":[{"href":"https:\/\/by-tv.co.uk\/en\/wp-json\/wp\/v2\/types\/post"}],"author":[{"embeddable":true,"href":"https:\/\/by-tv.co.uk\/en\/wp-json\/wp\/v2\/users\/7"}],"replies":[{"embeddable":true,"href":"https:\/\/by-tv.co.uk\/en\/wp-json\/wp\/v2\/comments?post=11475"}],"version-history":[{"count":0,"href":"https:\/\/by-tv.co.uk\/en\/wp-json\/wp\/v2\/posts\/11475\/revisions"}],"wp:attachment":[{"href":"https:\/\/by-tv.co.uk\/en\/wp-json\/wp\/v2\/media?parent=11475"}],"wp:term":[{"taxonomy":"category","embeddable":true,"href":"https:\/\/by-tv.co.uk\/en\/wp-json\/wp\/v2\/categories?post=11475"},{"taxonomy":"post_tag","embeddable":true,"href":"https:\/\/by-tv.co.uk\/en\/wp-json\/wp\/v2\/tags?post=11475"}],"curies":[{"name":"wp","href":"https:\/\/api.w.org\/{rel}","templated":true}]}}