{"id":11420,"date":"2021-07-12T10:57:24","date_gmt":"2021-07-12T09:57:24","guid":{"rendered":"https:\/\/by-tv.co.uk\/?p=11420"},"modified":"2021-07-12T12:35:26","modified_gmt":"2021-07-12T11:35:26","slug":"penalti-kaciran-oyunculara-irkci-saldiri","status":"publish","type":"post","link":"https:\/\/by-tv.co.uk\/en\/penalti-kaciran-oyunculara-irkci-saldiri\/","title":{"rendered":"Penalt\u0131 ka\u00e7\u0131ran oyunculara \u0131rk\u00e7\u0131 sald\u0131r\u0131"},"content":{"rendered":"<p><strong>\u0130ngiltere<\/strong>&#8216;nin <strong>EURO 2020<\/strong> finalinde \u0130talya&#8217;ya yenilmesinin ard\u0131ndan penalt\u0131 ka\u00e7\u0131ran siyahi oyuncular <strong>Marcus Rashford<\/strong>, <strong>Bukayo Saka<\/strong> ve <strong>Jadon Sancho<\/strong> \u0131rk\u00e7\u0131 sald\u0131r\u0131larda bulunuldu.<\/p>\n<p>Olay\u0131 k\u0131nayan Futbol Federasyonu (<strong>FA<\/strong>), yapt\u0131\u011f\u0131 a\u00e7\u0131klamada \u201cBu t\u00fcr i\u011fren\u00e7 davran\u0131\u015flar\u0131n ard\u0131ndaki herhangi birinin tak\u0131m\u0131 tutmas\u0131n\u0131n ho\u015f kar\u015f\u0131lanmad\u0131\u011f\u0131 konusunda daha net olamay\u0131z. Etkilenen oyuncular\u0131 desteklemek i\u00e7in elimizden gelen her \u015feyi yapaca\u011f\u0131z ve sorumlu herkes i\u00e7in m\u00fcmk\u00fcn olan en a\u011f\u0131r cezalar i\u00e7in \u00e7a\u011fr\u0131da bulunaca\u011f\u0131z&#8221; ifadelerini kulland\u0131.<\/p>\n<p>Prens William ve Kate Middleton&#8217;da &#8220;D\u00fcn geceki ma\u00e7tan sonra \u0130ngiliz oyunculara y\u00f6nelik \u0131rk\u00e7\u0131 tacizden midem buland\u0131. Oyuncular\u0131n bu i\u011fren\u00e7 davran\u0131\u015fa katlanmak zorunda kalmas\u0131 kesinlikle kabul edilemez. Art\u0131k durmal\u0131 ve olaya kar\u0131\u015fan herkes hesap vermeli.&#8221; mesaj\u0131n\u0131 Twitter&#8217;dan payla\u015ft\u0131lar.<\/p><div id=\"briti-1764213431\" class=\"briti-icerik\" style=\"margin-top: 5px;margin-bottom: 5px;\"><a href=\"https:\/\/piaryum.com\/services\/\" aria-label=\"piaryum banner\"><img loading=\"lazy\" decoding=\"async\" src=\"https:\/\/by-tv.co.uk\/wp-content\/uploads\/2025\/12\/Gemini_Generated_Image_g5yqr1g5yqr1g5yq.jpg\" alt=\"\"  width=\"2064\" height=\"1152\"   \/><\/a><\/div>\n<blockquote class=\"twitter-tweet\">\n<p dir=\"ltr\" lang=\"en\">I am sickened by the racist abuse aimed at England players after last night\u2019s match.<\/p>\n<p>It is totally unacceptable that players have to endure this abhorrent behaviour.<\/p>\n<p>It must stop now and all those involved should be held accountable. W<\/p>\n<p>\u2014 The Duke and Duchess of Cambridge (@KensingtonRoyal) <a href=\"https:\/\/twitter.com\/KensingtonRoyal\/status\/1414514323142107136?ref_src=twsrc%5Etfw\" target=\"_blank\" rel=\"noopener\">July 12, 2021<\/a><\/p><\/blockquote>\n<p><script async=\"\" src=\"https:\/\/platform.twitter.com\/widgets.js\" charset=\"utf-8\"><\/script><br \/>\n<strong>Londra Belediye Ba\u015fkan\u0131 Sad\u0131k Han<\/strong> da, \u201cG\u00f6rd\u00fc\u011f\u00fcm\u00fcz i\u011fren\u00e7 istismar\u0131n sorumlular\u0131 hesap vermeli ve sosyal medya \u015firketlerinin bu nefreti ortadan kald\u0131rmak ve \u00f6nlemek i\u00e7in derhal harekete ge\u00e7mesi gerekiyor\u201d dedi.<\/p>\n<p>Ba\u015fbakan <strong>Boris Johnson<\/strong> ise yapt\u0131\u011f\u0131 a\u00e7\u0131klamada \u015fu ifadelere yer verdi: &#8220;Bu korkun\u00e7 istismar\u0131n sorumlular\u0131 kendilerinden utanmal\u0131. Bu \u0130ngiltere tak\u0131m\u0131, sosyal medyada \u0131rksal olarak suistimal edilmeyi de\u011fil, kahramanlar olarak \u00f6v\u00fclmeyi hak ediyor.&#8221;<\/p>\n<p>Londra polisi olayla ilgili inceleme ba\u015flat\u0131rken, sosyal medya \u015firketlerinden de sorumlular\u0131n tespit edilmesine yard\u0131mc\u0131 olmalar\u0131 istendi.<\/p>\n<div id=\"briti-824702282\" class=\"briti-icerikten-sonra_2\" style=\"margin-top: 25px;margin-bottom: 25px;\"><a href=\"https:\/\/wa.me\/message\/NDZLLIOQT4H3O1\" aria-label=\"bytv reklam banner\"><img loading=\"lazy\" decoding=\"async\" src=\"https:\/\/by-tv.co.uk\/wp-content\/uploads\/2025\/12\/bytv-reklam-banner.jpg\" alt=\"\"  width=\"2376\" height=\"1008\"   \/><\/a><\/div>","protected":false},"excerpt":{"rendered":"<p>\u0130ngiltere&#8216;nin EURO 2020 finalinde \u0130talya&#8217;ya yenilmesinin ard\u0131ndan penalt\u0131 ka\u00e7\u0131ran siyahi oyuncular Marcus Rashford, Bukayo Saka ve Jadon Sancho \u0131rk\u00e7\u0131 sald\u0131r\u0131larda bulunuldu. Olay\u0131 k\u0131nayan Futbol Federasyonu (FA), yapt\u0131\u011f\u0131 a\u00e7\u0131klamada \u201cBu t\u00fcr i\u011fren\u00e7 davran\u0131\u015flar\u0131n ard\u0131ndaki herhangi birinin tak\u0131m\u0131 tutmas\u0131n\u0131n ho\u015f kar\u015f\u0131lanmad\u0131\u011f\u0131 konusunda daha net olamay\u0131z. Etkilenen oyuncular\u0131 desteklemek i\u00e7in elimizden gelen her \u015feyi yapaca\u011f\u0131z ve sorumlu herkes i\u00e7in m\u00fcmk\u00fcn olan en a\u011f\u0131r cezalar i\u00e7in \u00e7a\u011fr\u0131da bulunaca\u011f\u0131z&#8221; ifadelerini kulland\u0131. Prens William ve Kate Middleton&#8217;da &#8220;D\u00fcn geceki ma\u00e7tan sonra \u0130ngiliz oyunculara y\u00f6nelik \u0131rk\u00e7\u0131 tacizden midem buland\u0131. Oyuncular\u0131n bu i\u011fren\u00e7 davran\u0131\u015fa katlanmak zorunda kalmas\u0131 kesinlikle kabul edilemez. Art\u0131k durmal\u0131 ve olaya kar\u0131\u015fan herkes hesap vermeli.&#8221; [&hellip;]<\/p>\n","protected":false},"author":7,"featured_media":0,"comment_status":"open","ping_status":"open","sticky":false,"template":"","format":"standard","meta":{"ngg_post_thumbnail":0,"footnotes":""},"categories":[15],"tags":[3226,286,149,1296,2053],"class_list":["post-11420","post","type-post","status-publish","format-standard","hentry","category-ingiltere","tag-euro-2020","tag-final","tag-ingiltere","tag-italya","tag-irkcilik"],"_links":{"self":[{"href":"https:\/\/by-tv.co.uk\/en\/wp-json\/wp\/v2\/posts\/11420","targetHints":{"allow":["GET"]}}],"collection":[{"href":"https:\/\/by-tv.co.uk\/en\/wp-json\/wp\/v2\/posts"}],"about":[{"href":"https:\/\/by-tv.co.uk\/en\/wp-json\/wp\/v2\/types\/post"}],"author":[{"embeddable":true,"href":"https:\/\/by-tv.co.uk\/en\/wp-json\/wp\/v2\/users\/7"}],"replies":[{"embeddable":true,"href":"https:\/\/by-tv.co.uk\/en\/wp-json\/wp\/v2\/comments?post=11420"}],"version-history":[{"count":0,"href":"https:\/\/by-tv.co.uk\/en\/wp-json\/wp\/v2\/posts\/11420\/revisions"}],"wp:attachment":[{"href":"https:\/\/by-tv.co.uk\/en\/wp-json\/wp\/v2\/media?parent=11420"}],"wp:term":[{"taxonomy":"category","embeddable":true,"href":"https:\/\/by-tv.co.uk\/en\/wp-json\/wp\/v2\/categories?post=11420"},{"taxonomy":"post_tag","embeddable":true,"href":"https:\/\/by-tv.co.uk\/en\/wp-json\/wp\/v2\/tags?post=11420"}],"curies":[{"name":"wp","href":"https:\/\/api.w.org\/{rel}","templated":true}]}}