{"id":11415,"date":"2021-07-12T10:34:40","date_gmt":"2021-07-12T09:34:40","guid":{"rendered":"https:\/\/by-tv.co.uk\/?p=11415"},"modified":"2021-07-12T10:34:40","modified_gmt":"2021-07-12T09:34:40","slug":"ugur-sahin-100-gun-icinde-yeni-asi-uretebiliriz","status":"publish","type":"post","link":"https:\/\/by-tv.co.uk\/en\/ugur-sahin-100-gun-icinde-yeni-asi-uretebiliriz\/","title":{"rendered":"U\u011fur \u015eahin: 100 g\u00fcn i\u00e7inde yeni a\u015f\u0131 \u00fcretebiliriz"},"content":{"rendered":"<p><strong>Pfizer<\/strong> ile birlikte<strong> Covid-19<\/strong> a\u015f\u0131s\u0131 geli\u015ftiren <strong>BioNTech<\/strong>&#8216;in kurucular\u0131 <strong>\u00d6zlem T\u00fcreci<\/strong> ve <strong>U\u011fur \u015eahin<\/strong>, Frans\u0131z &#8220;Les Echos&#8221; dergisine a\u00e7\u0131klamalarda bulundu.<\/p>\n<p>Delta varyant\u0131 gibi yeni mutasyonlar\u0131n ortaya \u00e7\u0131kt\u0131\u011f\u0131n\u0131 hat\u0131rlatan T\u00fcreci, \u00fc\u00e7\u00fcnc\u00fc doz a\u015f\u0131n\u0131n gerekebilece\u011fini ifade etti.<\/p>\n<p>\u015eahin de varyantlara kar\u015f\u0131 yeni a\u015f\u0131 versiyonu i\u00e7in a\u011fustos ay\u0131nda klinik denemelere ba\u015flanaca\u011f\u0131n\u0131 s\u00f6yledi.<\/p><div id=\"briti-591419491\" class=\"briti-icerik\" style=\"margin-top: 5px;margin-bottom: 5px;\"><a href=\"https:\/\/piaryum.com\/services\/\" aria-label=\"piaryum banner\"><img loading=\"lazy\" decoding=\"async\" src=\"https:\/\/by-tv.co.uk\/wp-content\/uploads\/2025\/12\/Gemini_Generated_Image_g5yqr1g5yqr1g5yq.jpg\" alt=\"\"  width=\"2064\" height=\"1152\"   \/><\/a><\/div>\n<p>\u015eahin, &#8220;Ger\u00e7ekten ihtiya\u00e7 duyulursa 100 g\u00fcn i\u00e7inde yeni bir a\u015f\u0131n\u0131n elde edilmesini sa\u011flayabiliriz\u201d diye konu\u015ftu.<\/p>\n<div id=\"briti-2896054463\" class=\"briti-icerikten-sonra_2\" style=\"margin-top: 25px;margin-bottom: 25px;\"><a href=\"https:\/\/wa.me\/message\/NDZLLIOQT4H3O1\" aria-label=\"bytv reklam banner\"><img loading=\"lazy\" decoding=\"async\" src=\"https:\/\/by-tv.co.uk\/wp-content\/uploads\/2025\/12\/bytv-reklam-banner.jpg\" alt=\"\"  width=\"2376\" height=\"1008\"   \/><\/a><\/div>","protected":false},"excerpt":{"rendered":"<p>Pfizer ile birlikte Covid-19 a\u015f\u0131s\u0131 geli\u015ftiren BioNTech&#8216;in kurucular\u0131 \u00d6zlem T\u00fcreci ve U\u011fur \u015eahin, Frans\u0131z &#8220;Les Echos&#8221; dergisine a\u00e7\u0131klamalarda bulundu. Delta varyant\u0131 gibi yeni mutasyonlar\u0131n ortaya \u00e7\u0131kt\u0131\u011f\u0131n\u0131 hat\u0131rlatan T\u00fcreci, \u00fc\u00e7\u00fcnc\u00fc doz a\u015f\u0131n\u0131n gerekebilece\u011fini ifade etti. \u015eahin de varyantlara kar\u015f\u0131 yeni a\u015f\u0131 versiyonu i\u00e7in a\u011fustos ay\u0131nda klinik denemelere ba\u015flanaca\u011f\u0131n\u0131 s\u00f6yledi. \u015eahin, &#8220;Ger\u00e7ekten ihtiya\u00e7 duyulursa 100 g\u00fcn i\u00e7inde yeni bir a\u015f\u0131n\u0131n elde edilmesini sa\u011flayabiliriz\u201d diye konu\u015ftu.<\/p>","protected":false},"author":7,"featured_media":0,"comment_status":"open","ping_status":"open","sticky":false,"template":"","format":"standard","meta":{"ngg_post_thumbnail":0,"footnotes":""},"categories":[13],"tags":[991,808,2389,1833],"class_list":["post-11415","post","type-post","status-publish","format-standard","hentry","category-saglik","tag-asi","tag-covid-19","tag-ozlem-tureci","tag-ugur-sahin"],"_links":{"self":[{"href":"https:\/\/by-tv.co.uk\/en\/wp-json\/wp\/v2\/posts\/11415","targetHints":{"allow":["GET"]}}],"collection":[{"href":"https:\/\/by-tv.co.uk\/en\/wp-json\/wp\/v2\/posts"}],"about":[{"href":"https:\/\/by-tv.co.uk\/en\/wp-json\/wp\/v2\/types\/post"}],"author":[{"embeddable":true,"href":"https:\/\/by-tv.co.uk\/en\/wp-json\/wp\/v2\/users\/7"}],"replies":[{"embeddable":true,"href":"https:\/\/by-tv.co.uk\/en\/wp-json\/wp\/v2\/comments?post=11415"}],"version-history":[{"count":0,"href":"https:\/\/by-tv.co.uk\/en\/wp-json\/wp\/v2\/posts\/11415\/revisions"}],"wp:attachment":[{"href":"https:\/\/by-tv.co.uk\/en\/wp-json\/wp\/v2\/media?parent=11415"}],"wp:term":[{"taxonomy":"category","embeddable":true,"href":"https:\/\/by-tv.co.uk\/en\/wp-json\/wp\/v2\/categories?post=11415"},{"taxonomy":"post_tag","embeddable":true,"href":"https:\/\/by-tv.co.uk\/en\/wp-json\/wp\/v2\/tags?post=11415"}],"curies":[{"name":"wp","href":"https:\/\/api.w.org\/{rel}","templated":true}]}}