{"id":11365,"date":"2021-07-10T21:39:52","date_gmt":"2021-07-10T20:39:52","guid":{"rendered":"https:\/\/by-tv.co.uk\/?p=11365"},"modified":"2021-07-10T21:39:52","modified_gmt":"2021-07-10T20:39:52","slug":"uzaktan-calisma-tek-sirkette-560-yonetici-asistanini-issiz-birakti","status":"publish","type":"post","link":"https:\/\/by-tv.co.uk\/en\/uzaktan-calisma-tek-sirkette-560-yonetici-asistanini-issiz-birakti\/","title":{"rendered":"Uzaktan \u00e7al\u0131\u015fma tek \u015firkette 560 y\u00f6netici asistan\u0131n\u0131 i\u015fsiz b\u0131rakt\u0131"},"content":{"rendered":"<p>140&#8217;a yak\u0131n \u00fclkede, 700 ofiste, aktif \u00e7al\u0131\u015fan 150,000 personeli ile d\u00fcnyan\u0131n en b\u00fcy\u00fck muhasebe, denetim, vergi ve y\u00f6netim dan\u0131\u015fmanl\u0131\u011f\u0131 hizmeti sunan uluslararas\u0131 firma olan Deloitte (\u0130ngiltere) dijital ge\u00e7i\u015fin maliyetleri d\u00fc\u015f\u00fcrmek i\u00e7in y\u00fczlerce idari personeli i\u015ften \u00e7\u0131karmaya haz\u0131rlan\u0131yor..<\/p>\n<p>Deloitte&#8217;un 560 y\u00f6netici asistan\u0131, \u015firketin \u0130ngiltere y\u00f6netici orta\u011f\u0131 Stephen Griggs&#8217;in duyurusuyla i\u015ften \u00e7\u0131kar\u0131lacaklar\u0131n\u0131 \u00f6\u011frendi. Al\u0131nan karara g\u00f6re sekreter veya y\u00f6netici asistan personelinin yakla\u015f\u0131k \u00fc\u00e7te birinin i\u015ften \u00e7\u0131kar\u0131lacak.<\/p>\n<p>Deloitte ge\u00e7en ay 20.000 \u0130ngiltere \u00e7al\u0131\u015fan\u0131na pandemiden sonra ofise ne s\u0131kl\u0131kta geleceklerini se\u00e7ebileceklerini s\u00f6ylemi\u015fti. Bu karar daha fazla idari g\u00f6revin dijital hale getirilece\u011fi anlam\u0131na geliyor.<\/p><div id=\"briti-954924460\" class=\"briti-icerik\" style=\"margin-top: 5px;margin-bottom: 5px;\"><a href=\"https:\/\/piaryum.com\/services\/\" aria-label=\"piaryum banner\"><img loading=\"lazy\" decoding=\"async\" src=\"https:\/\/by-tv.co.uk\/wp-content\/uploads\/2025\/12\/Gemini_Generated_Image_g5yqr1g5yqr1g5yq.jpg\" alt=\"\"  width=\"2064\" height=\"1152\"   \/><\/a><\/div>\n<p>Son mali kriz s\u0131ras\u0131nda, bir\u00e7ok \u015firket, personel say\u0131lar\u0131n\u0131 azaltarak maliyetleri d\u00fc\u015f\u00fcrmek i\u00e7in h\u0131zla harekete ge\u00e7ti.<\/p>\n<p>Ancak baz\u0131lar\u0131 bu sefer durumun farkl\u0131 oldu\u011funa inan\u0131yor. Y\u00f6netici ve ki\u015fisel asistanlar\u0131n rol\u00fc, \u00f6zellikle 2008&#8217;den bu yana, son y\u0131llarda \u00f6nemli \u00f6l\u00e7\u00fcde de\u011fi\u015fti.<\/p>\n<p>The Telegraph\u2019\u0131n haberine g\u00f6re Y\u00f6netici ve Ki\u015fisel Asistanlar Derne\u011fi&#8217;nin (EPAA) CEO&#8217;su Victoria Wratten, i\u015fin, i\u015flemsel bir rol olmaktan y\u00f6netim tipi sorumluluklara sahip daha stratejik bir role ge\u00e7ti\u011fini s\u00f6yl\u00fcyor. &#8220;G\u00fcnl\u00fck y\u00f6netimi ve y\u00f6netici i\u015fi hala var, ancak \u00e7ok daha az\u0131 var.\u201d<\/p>\n<p>Ekim ay\u0131na kadar s\u00fcrmesi beklenen isti\u015fare ile 560 personeli, yeniden yap\u0131lanma tamamland\u0131ktan sonra i\u015f sahibi olup <span style=\"font-weight: 400;\">olmayacaklar\u0131n\u0131 g\u00f6rmek i\u00e7in gergin bir bekleyi\u015fle kar\u015f\u0131 kar\u015f\u0131ya kald\u0131.<\/span><\/p>\n<div id=\"briti-3647598792\" class=\"briti-icerikten-sonra_2\" style=\"margin-top: 25px;margin-bottom: 25px;\"><a href=\"https:\/\/wa.me\/message\/NDZLLIOQT4H3O1\" aria-label=\"bytv reklam banner\"><img loading=\"lazy\" decoding=\"async\" src=\"https:\/\/by-tv.co.uk\/wp-content\/uploads\/2025\/12\/bytv-reklam-banner.jpg\" alt=\"\"  width=\"2376\" height=\"1008\"   \/><\/a><\/div>","protected":false},"excerpt":{"rendered":"<p>140&#8217;a yak\u0131n \u00fclkede, 700 ofiste, aktif \u00e7al\u0131\u015fan 150,000 personeli ile d\u00fcnyan\u0131n en b\u00fcy\u00fck muhasebe, denetim, vergi ve y\u00f6netim dan\u0131\u015fmanl\u0131\u011f\u0131 hizmeti sunan uluslararas\u0131 firma olan Deloitte (\u0130ngiltere) dijital ge\u00e7i\u015fin maliyetleri d\u00fc\u015f\u00fcrmek i\u00e7in y\u00fczlerce idari personeli i\u015ften \u00e7\u0131karmaya haz\u0131rlan\u0131yor.. Deloitte&#8217;un 560 y\u00f6netici asistan\u0131, \u015firketin \u0130ngiltere y\u00f6netici orta\u011f\u0131 Stephen Griggs&#8217;in duyurusuyla i\u015ften \u00e7\u0131kar\u0131lacaklar\u0131n\u0131 \u00f6\u011frendi. Al\u0131nan karara g\u00f6re sekreter veya y\u00f6netici asistan personelinin yakla\u015f\u0131k \u00fc\u00e7te birinin i\u015ften \u00e7\u0131kar\u0131lacak. Deloitte ge\u00e7en ay 20.000 \u0130ngiltere \u00e7al\u0131\u015fan\u0131na pandemiden sonra ofise ne s\u0131kl\u0131kta geleceklerini se\u00e7ebileceklerini s\u00f6ylemi\u015fti. Bu karar daha fazla idari g\u00f6revin dijital hale getirilece\u011fi anlam\u0131na geliyor. Son mali kriz s\u0131ras\u0131nda, bir\u00e7ok \u015firket, personel say\u0131lar\u0131n\u0131 azaltarak maliyetleri d\u00fc\u015f\u00fcrmek [&hellip;]<\/p>\n","protected":false},"author":1,"featured_media":0,"comment_status":"open","ping_status":"open","sticky":false,"template":"","format":"standard","meta":{"ngg_post_thumbnail":0,"footnotes":""},"categories":[15],"tags":[510,430,204,859,567,808,3535,149,3536],"class_list":["post-11365","post","type-post","status-publish","format-standard","hentry","category-ingiltere","tag-avrupa","tag-birlesik-krallik","tag-britanya","tag-corona-virus","tag-coronavirus","tag-covid-19","tag-deloitte","tag-ingiltere","tag-stephen-griggs"],"_links":{"self":[{"href":"https:\/\/by-tv.co.uk\/en\/wp-json\/wp\/v2\/posts\/11365","targetHints":{"allow":["GET"]}}],"collection":[{"href":"https:\/\/by-tv.co.uk\/en\/wp-json\/wp\/v2\/posts"}],"about":[{"href":"https:\/\/by-tv.co.uk\/en\/wp-json\/wp\/v2\/types\/post"}],"author":[{"embeddable":true,"href":"https:\/\/by-tv.co.uk\/en\/wp-json\/wp\/v2\/users\/1"}],"replies":[{"embeddable":true,"href":"https:\/\/by-tv.co.uk\/en\/wp-json\/wp\/v2\/comments?post=11365"}],"version-history":[{"count":0,"href":"https:\/\/by-tv.co.uk\/en\/wp-json\/wp\/v2\/posts\/11365\/revisions"}],"wp:attachment":[{"href":"https:\/\/by-tv.co.uk\/en\/wp-json\/wp\/v2\/media?parent=11365"}],"wp:term":[{"taxonomy":"category","embeddable":true,"href":"https:\/\/by-tv.co.uk\/en\/wp-json\/wp\/v2\/categories?post=11365"},{"taxonomy":"post_tag","embeddable":true,"href":"https:\/\/by-tv.co.uk\/en\/wp-json\/wp\/v2\/tags?post=11365"}],"curies":[{"name":"wp","href":"https:\/\/api.w.org\/{rel}","templated":true}]}}