{"id":11357,"date":"2021-07-10T11:18:04","date_gmt":"2021-07-10T10:18:04","guid":{"rendered":"https:\/\/by-tv.co.uk\/?p=11357"},"modified":"2021-07-10T11:18:04","modified_gmt":"2021-07-10T10:18:04","slug":"uzmandan-uyari-19-temmuzda-kisitlamalar-kalkmasin","status":"publish","type":"post","link":"https:\/\/by-tv.co.uk\/en\/uzmandan-uyari-19-temmuzda-kisitlamalar-kalkmasin\/","title":{"rendered":"Uzmandan uyar\u0131: 19 Temmuz\u2019da k\u0131s\u0131tlamalar kalkmas\u0131n"},"content":{"rendered":"<p><strong>Academiy of Medical Royal Colleges<\/strong> Ba\u015fkan\u0131 Profes\u00f6r <strong>Helen Jayne Sokes Lampard<\/strong>, <strong>Covid-19<\/strong> k\u0131s\u0131tlamalar\u0131n\u0131n kald\u0131r\u0131laca\u011f\u0131 19 Temmuz \u00f6ncesinde \u00f6nemli uyar\u0131larda bulundu.<\/p>\n<p>Salg\u0131n\u0131n k\u0131sa s\u00fcrede bitmesinin beklenmedi\u011fini dile getiren Lampard, <strong>19 Temmuz<\/strong>\u2019un yang\u0131na k\u00f6r\u00fckle gitmek gibi olaca\u011f\u0131n\u0131 s\u00f6yledi.<\/p>\n<p>Y\u00fcksek vaka say\u0131lar\u0131 nedeniyle endi\u015feli oldu\u011funu belirten Lampard, \u201c\u00d6nlemleri tamamen kald\u0131rmak tehlikeli olacakt\u0131r. Yetkililer sorumlu ve dikkatli davranmal\u0131\u201d dedi.<\/p><div id=\"briti-2151034983\" class=\"briti-icerik\" style=\"margin-top: 5px;margin-bottom: 5px;\"><a href=\"https:\/\/piaryum.com\/services\/\" aria-label=\"piaryum banner\"><img loading=\"lazy\" decoding=\"async\" src=\"https:\/\/by-tv.co.uk\/wp-content\/uploads\/2025\/12\/Gemini_Generated_Image_g5yqr1g5yqr1g5yq.jpg\" alt=\"\"  width=\"2064\" height=\"1152\"   \/><\/a><\/div>\n<p>Lampard, vakalardaki art\u0131\u015f\u0131n <strong>NHS<\/strong> \u00fczerindeki bask\u0131y\u0131 giderek artt\u0131rd\u0131\u011f\u0131n\u0131 da s\u00f6zlerine ekledi.<\/p>\n<p>\u0130ngiltere\u2019de d\u00fcn 35 binden fazla Corona vir\u00fcs vakas\u0131 tespit edildi. Toplam 5 milyondan fazla vakan\u0131n g\u00f6r\u00fcld\u00fc\u011f\u00fc \u00fclkede, 128 bin 365 ki\u015fi ya\u015fam\u0131n\u0131 yitirdi.<\/p>\n<div id=\"briti-493383530\" class=\"briti-icerikten-sonra_2\" style=\"margin-top: 25px;margin-bottom: 25px;\"><a href=\"https:\/\/wa.me\/message\/NDZLLIOQT4H3O1\" aria-label=\"bytv reklam banner\"><img loading=\"lazy\" decoding=\"async\" src=\"https:\/\/by-tv.co.uk\/wp-content\/uploads\/2025\/12\/bytv-reklam-banner.jpg\" alt=\"\"  width=\"2376\" height=\"1008\"   \/><\/a><\/div>","protected":false},"excerpt":{"rendered":"<p>Academiy of Medical Royal Colleges Ba\u015fkan\u0131 Profes\u00f6r Helen Jayne Sokes Lampard, Covid-19 k\u0131s\u0131tlamalar\u0131n\u0131n kald\u0131r\u0131laca\u011f\u0131 19 Temmuz \u00f6ncesinde \u00f6nemli uyar\u0131larda bulundu. Salg\u0131n\u0131n k\u0131sa s\u00fcrede bitmesinin beklenmedi\u011fini dile getiren Lampard, 19 Temmuz\u2019un yang\u0131na k\u00f6r\u00fckle gitmek gibi olaca\u011f\u0131n\u0131 s\u00f6yledi. Y\u00fcksek vaka say\u0131lar\u0131 nedeniyle endi\u015feli oldu\u011funu belirten Lampard, \u201c\u00d6nlemleri tamamen kald\u0131rmak tehlikeli olacakt\u0131r. Yetkililer sorumlu ve dikkatli davranmal\u0131\u201d dedi. Lampard, vakalardaki art\u0131\u015f\u0131n NHS \u00fczerindeki bask\u0131y\u0131 giderek artt\u0131rd\u0131\u011f\u0131n\u0131 da s\u00f6zlerine ekledi. \u0130ngiltere\u2019de d\u00fcn 35 binden fazla Corona vir\u00fcs vakas\u0131 tespit edildi. Toplam 5 milyondan fazla vakan\u0131n g\u00f6r\u00fcld\u00fc\u011f\u00fc \u00fclkede, 128 bin 365 ki\u015fi ya\u015fam\u0131n\u0131 yitirdi.<\/p>","protected":false},"author":7,"featured_media":10598,"comment_status":"open","ping_status":"open","sticky":false,"template":"","format":"standard","meta":{"ngg_post_thumbnail":0,"footnotes":""},"categories":[15],"tags":[3435,808,149],"class_list":["post-11357","post","type-post","status-publish","format-standard","has-post-thumbnail","hentry","category-ingiltere","tag-19-temmuz","tag-covid-19","tag-ingiltere"],"_links":{"self":[{"href":"https:\/\/by-tv.co.uk\/en\/wp-json\/wp\/v2\/posts\/11357","targetHints":{"allow":["GET"]}}],"collection":[{"href":"https:\/\/by-tv.co.uk\/en\/wp-json\/wp\/v2\/posts"}],"about":[{"href":"https:\/\/by-tv.co.uk\/en\/wp-json\/wp\/v2\/types\/post"}],"author":[{"embeddable":true,"href":"https:\/\/by-tv.co.uk\/en\/wp-json\/wp\/v2\/users\/7"}],"replies":[{"embeddable":true,"href":"https:\/\/by-tv.co.uk\/en\/wp-json\/wp\/v2\/comments?post=11357"}],"version-history":[{"count":0,"href":"https:\/\/by-tv.co.uk\/en\/wp-json\/wp\/v2\/posts\/11357\/revisions"}],"wp:featuredmedia":[{"embeddable":true,"href":"https:\/\/by-tv.co.uk\/en\/wp-json\/wp\/v2\/media\/10598"}],"wp:attachment":[{"href":"https:\/\/by-tv.co.uk\/en\/wp-json\/wp\/v2\/media?parent=11357"}],"wp:term":[{"taxonomy":"category","embeddable":true,"href":"https:\/\/by-tv.co.uk\/en\/wp-json\/wp\/v2\/categories?post=11357"},{"taxonomy":"post_tag","embeddable":true,"href":"https:\/\/by-tv.co.uk\/en\/wp-json\/wp\/v2\/tags?post=11357"}],"curies":[{"name":"wp","href":"https:\/\/api.w.org\/{rel}","templated":true}]}}