{"id":11285,"date":"2021-07-08T20:25:31","date_gmt":"2021-07-08T19:25:31","guid":{"rendered":"https:\/\/by-tv.co.uk\/?p=11285"},"modified":"2021-07-08T20:36:21","modified_gmt":"2021-07-08T19:36:21","slug":"covid-19-tamamen-asilananlar-icin-amber-listesi-karantinasi-19-temmuzda-sona-erecek","status":"publish","type":"post","link":"https:\/\/by-tv.co.uk\/en\/covid-19-tamamen-asilananlar-icin-amber-listesi-karantinasi-19-temmuzda-sona-erecek\/","title":{"rendered":"Sar\u0131 seyahat listesine dahil \u00fclkelerden gelip, tam a\u015f\u0131lananlar i\u00e7in 19 Temmuz&#8217;dan sonra karantina olmayacak"},"content":{"rendered":"<p>Sar\u0131 seyahat listesi destinasyonlar\u0131ndan \u0130ngiltere&#8217;ye gelen tamamen a\u015f\u0131lanm\u0131\u015f \u0130ngiltere sakinleri art\u0131k 19 Temmuz&#8217;dan itibaren karantinada kalmak zorunda kalmayacak.<\/p>\n<p>Ancak Ula\u015ft\u0131rma Bakan\u0131 Shaps, yolcular\u0131n geri d\u00f6nmeden \u00f6nce ve d\u00f6nd\u00fckten sonra Covid testleri i\u00e7in \u00f6deme yapmalar\u0131na gerek olaca\u011f\u0131n\u0131 s\u00f6yledi.<\/p>\n<p>Grant Shapps milletvekillerine, sar\u0131 seyahat listesinden d\u00f6nen 18 ya\u015f\u0131ndan k\u00fc\u00e7\u00fcklerin de karantinadan muaf olaca\u011f\u0131n\u0131 s\u00f6yledi.<\/p><div id=\"briti-3407401540\" class=\"briti-icerik\" style=\"margin-top: 5px;margin-bottom: 5px;\"><a href=\"https:\/\/piaryum.com\/services\/\" aria-label=\"piaryum banner\"><img loading=\"lazy\" decoding=\"async\" src=\"https:\/\/by-tv.co.uk\/wp-content\/uploads\/2025\/12\/Gemini_Generated_Image_g5yqr1g5yqr1g5yq.jpg\" alt=\"\"  width=\"2064\" height=\"1152\"   \/><\/a><\/div>\n<p>Seyahat sekt\u00f6r\u00fc liderleri de\u011fi\u015fikli\u011fin &#8220;olumlu bir ad\u0131m&#8221; oldu\u011funu s\u00f6ylemekle birlikte, sar\u0131 seyahat listesinin geni\u015fletilmesi \u00e7a\u011fr\u0131s\u0131nda bulundular.<\/p>\n<p>\u015eu anda, sar\u0131 veya k\u0131rm\u0131z\u0131 (otel) liste \u00fclkelerinden d\u00f6nen herkes a\u015f\u0131 durumuna bak\u0131lmaks\u0131z\u0131n 10 g\u00fcn boyunca izole oluyor.<\/p>\n<p>Bakan Shapps, tam a\u015f\u0131laman\u0131n &#8220;a\u015f\u0131n\u0131n son dozunun \u00fczerinden 14 g\u00fcn ge\u00e7ti\u011fi&#8221; anlam\u0131na geldi\u011fini ve sadece NHS taraf\u0131ndan verilen a\u015f\u0131lar\u0131n say\u0131laca\u011f\u0131n\u0131 s\u00f6yledi.<\/p>\n<p>\u0130sko\u00e7ya ve Galler kural de\u011fi\u015fikli\u011fine uyup uymamay\u0131 de\u011ferlendireceklerini s\u00f6ylediler.<\/p>\n<p>BBB News&#8217;in haberine g\u00f6re Kuzey \u0130rlanda&#8217;n\u0131n de\u011fi\u015fikli\u011fi 26 Temmuz&#8217;dan itibaren kabul edece\u011fi belirtiliyor.<\/p>\n<p>Bakan Shapps ayr\u0131ca, \u0130ngiltere&#8217;deki \u00e7o\u011fu Covid kural\u0131n\u0131n sona erece\u011fi g\u00fcn olan 19 Temmuz&#8217;dan itibaren, insanlar\u0131n sar\u0131 seyahat listesindeki \u00fclkeleri&nbsp; seyahat etmemeleri gerekti\u011fi konusundaki \u00f6nerilerin kald\u0131r\u0131laca\u011f\u0131n\u0131 s\u00f6yledi.<\/p>\n<p>\u0130ngiltere&#8217;nin 19 Temmuz kural de\u011fi\u015fikliklerinin t\u00fcm\u00fc, en son verilerin g\u00f6zden ge\u00e7irilmesinden sonra 12 Temmuz&#8217;da onaylanacak.<\/p>\n<p>\u0130ngiltere seyahat kural\u0131na g\u00f6re 30&#8217;dan az destinasyon ye\u015fil listede yani yolcular \u0130ngiltere&#8217;ye d\u00f6nd\u00fcklerinde kendilerini izole etmek zorunda de\u011fildir, 50&#8217;den fazla \u00fclke ise en kat\u0131 k\u0131rm\u0131z\u0131 listededir, bu da var\u0131\u015flar\u0131nda bir otelde 10 g\u00fcn boyunca kendini izole etmek i\u00e7in \u00f6deme yapmas\u0131n\u0131 gerektirir.<\/p>\n<p>Ancak \u0130spanya , Yunanistan ve ABD gibi \u00e7e\u015fitli tatil noktalar\u0131 da dahil olmak \u00fczere \u00e7o\u011fu yer, \u015fu anda insanlar\u0131n 10 g\u00fcn karantinaya al\u0131nmas\u0131 ve testler i\u00e7in \u00f6deme yapmas\u0131 gereken sar\u0131 seyahat listesinde yer al\u0131yor.<\/p>\n<p>Ye\u015fil, k\u0131rm\u0131z\u0131 ve kehribar listelerinde yer alan \u00fclkelerin bir sonraki incelemesi 15 Temmuz&#8217;da ger\u00e7ekle\u015fecek.<\/p>\n<p>&nbsp;<\/p>\n<p>#birdakikabritanya<\/p>\n<div id=\"briti-1099915815\" class=\"briti-icerikten-sonra_2\" style=\"margin-top: 25px;margin-bottom: 25px;\"><a href=\"https:\/\/wa.me\/message\/NDZLLIOQT4H3O1\" aria-label=\"bytv reklam banner\"><img loading=\"lazy\" decoding=\"async\" src=\"https:\/\/by-tv.co.uk\/wp-content\/uploads\/2025\/12\/bytv-reklam-banner.jpg\" alt=\"\"  width=\"2376\" height=\"1008\"   \/><\/a><\/div>","protected":false},"excerpt":{"rendered":"<p>Sar\u0131 seyahat listesi destinasyonlar\u0131ndan \u0130ngiltere&#8217;ye gelen tamamen a\u015f\u0131lanm\u0131\u015f \u0130ngiltere sakinleri art\u0131k 19 Temmuz&#8217;dan itibaren karantinada kalmak zorunda kalmayacak. Ancak Ula\u015ft\u0131rma Bakan\u0131 Shaps, yolcular\u0131n geri d\u00f6nmeden \u00f6nce ve d\u00f6nd\u00fckten sonra Covid testleri i\u00e7in \u00f6deme yapmalar\u0131na gerek olaca\u011f\u0131n\u0131 s\u00f6yledi. Grant Shapps milletvekillerine, sar\u0131 seyahat listesinden d\u00f6nen 18 ya\u015f\u0131ndan k\u00fc\u00e7\u00fcklerin de karantinadan muaf olaca\u011f\u0131n\u0131 s\u00f6yledi. Seyahat sekt\u00f6r\u00fc liderleri de\u011fi\u015fikli\u011fin &#8220;olumlu bir ad\u0131m&#8221; oldu\u011funu s\u00f6ylemekle birlikte, sar\u0131 seyahat listesinin geni\u015fletilmesi \u00e7a\u011fr\u0131s\u0131nda bulundular. \u015eu anda, sar\u0131 veya k\u0131rm\u0131z\u0131 (otel) liste \u00fclkelerinden d\u00f6nen herkes a\u015f\u0131 durumuna bak\u0131lmaks\u0131z\u0131n 10 g\u00fcn boyunca izole oluyor. Bakan Shapps, tam a\u015f\u0131laman\u0131n &#8220;a\u015f\u0131n\u0131n son dozunun \u00fczerinden 14 g\u00fcn ge\u00e7ti\u011fi&#8221; anlam\u0131na geldi\u011fini ve [&hellip;]<\/p>\n","protected":false},"author":1,"featured_media":0,"comment_status":"open","ping_status":"open","sticky":false,"template":"","format":"standard","meta":{"ngg_post_thumbnail":0,"footnotes":""},"categories":[15],"tags":[2379,1096,991,1565,1834,430,417,204,567,808,558,149,758,1509,228,1550,460,664,144],"class_list":["post-11285","post","type-post","status-publish","format-standard","hentry","category-ingiltere","tag-birdakikabritanya","tag-covit-19","tag-asi","tag-astrazeneca","tag-biontech","tag-birlesik-krallik","tag-boris-johnson","tag-britanya","tag-coronavirus","tag-covid-19","tag-dunya-saglik-orgutu","tag-ingiltere","tag-korona-virus","tag-kovid-19","tag-londra","tag-pandemi","tag-salgin","tag-turizm","tag-turkiye"],"_links":{"self":[{"href":"https:\/\/by-tv.co.uk\/en\/wp-json\/wp\/v2\/posts\/11285","targetHints":{"allow":["GET"]}}],"collection":[{"href":"https:\/\/by-tv.co.uk\/en\/wp-json\/wp\/v2\/posts"}],"about":[{"href":"https:\/\/by-tv.co.uk\/en\/wp-json\/wp\/v2\/types\/post"}],"author":[{"embeddable":true,"href":"https:\/\/by-tv.co.uk\/en\/wp-json\/wp\/v2\/users\/1"}],"replies":[{"embeddable":true,"href":"https:\/\/by-tv.co.uk\/en\/wp-json\/wp\/v2\/comments?post=11285"}],"version-history":[{"count":0,"href":"https:\/\/by-tv.co.uk\/en\/wp-json\/wp\/v2\/posts\/11285\/revisions"}],"wp:attachment":[{"href":"https:\/\/by-tv.co.uk\/en\/wp-json\/wp\/v2\/media?parent=11285"}],"wp:term":[{"taxonomy":"category","embeddable":true,"href":"https:\/\/by-tv.co.uk\/en\/wp-json\/wp\/v2\/categories?post=11285"},{"taxonomy":"post_tag","embeddable":true,"href":"https:\/\/by-tv.co.uk\/en\/wp-json\/wp\/v2\/tags?post=11285"}],"curies":[{"name":"wp","href":"https:\/\/api.w.org\/{rel}","templated":true}]}}