{"id":11275,"date":"2021-07-08T14:30:38","date_gmt":"2021-07-08T13:30:38","guid":{"rendered":"https:\/\/by-tv.co.uk\/?p=11275"},"modified":"2021-07-08T14:31:49","modified_gmt":"2021-07-08T13:31:49","slug":"boris-johnson-afganistandan-cekiliyoruz","status":"publish","type":"post","link":"https:\/\/by-tv.co.uk\/en\/boris-johnson-afganistandan-cekiliyoruz\/","title":{"rendered":"Boris Johnson: Afganistan&#8217;dan \u00e7ekiliyoruz"},"content":{"rendered":"<p><strong>\u0130ngiltere<\/strong> Ba\u015fbakan\u0131 <strong>Boris Johnson<\/strong>, Avam Kamaras\u0131&#8217;nda yapt\u0131\u011f\u0131 konu\u015fmada, <strong>Afganistan<\/strong>&#8216;da g\u00f6rev yapan \u0130ngiliz askerlerinin \u00fclkeden nihai \u00e7ekilmesiyle ilgili a\u00e7\u0131klamalarda bulundu.<\/p>\n<p>Afganistan&#8217;\u0131n El Kaide i\u00e7in art\u0131k bir \u00fcs olmad\u0131\u011f\u0131n\u0131 s\u00f6yleyen Johnson, &#8220;20 y\u0131l sonra e\u011fitim kamplar\u0131 gitti, El Kaide liderli\u011fi \u00fclke d\u0131\u015f\u0131na itildi. Bu temel ger\u00e7ekleri asla g\u00f6zden ka\u00e7\u0131rmamal\u0131y\u0131z&#8221; dedi.<\/p>\n<p>Johnson, Afganistan&#8217;daki \u0130ngiliz askerinin \u00e7o\u011funun \u00fclkeden ayr\u0131ld\u0131\u011f\u0131n\u0131 ve kesin bir tarih vermeden tamam\u0131n\u0131n \u00e7ekilece\u011fini aktararak, &#8220;Bizi Afganistan&#8217;a getiren tehdit b\u00fcy\u00fck \u00f6l\u00e7\u00fcde azald\u0131&#8221; ifadesini kulland\u0131.<\/p><div id=\"briti-2385723436\" class=\"briti-icerik\" style=\"margin-top: 5px;margin-bottom: 5px;\"><a href=\"https:\/\/piaryum.com\/services\/\" aria-label=\"piaryum banner\"><img loading=\"lazy\" decoding=\"async\" src=\"https:\/\/by-tv.co.uk\/wp-content\/uploads\/2025\/12\/Gemini_Generated_Image_g5yqr1g5yqr1g5yq.jpg\" alt=\"\"  width=\"2064\" height=\"1152\"   \/><\/a><\/div>\n<p>Ancak Afganistan&#8217;dan gelen ter\u00f6r tehditlerinin devam etti\u011fini vurgulayan Johnson, &#8220;Taliban i\u00e7in zafere giden askeri bir yol yok&#8221; de\u011ferlendirmesinde bulundu.<\/p>\n<p>Johnson, Afganistan&#8217;daki uluslararas\u0131 varl\u0131\u011f\u0131n asla kal\u0131c\u0131 olmay\u0131 ama\u00e7lamad\u0131\u011f\u0131n\u0131n alt\u0131n\u0131 \u00e7izerek, \u00e7ekilmek i\u00e7in asla m\u00fckemmel bir zaman\u0131n olmad\u0131\u011f\u0131na dikkati \u00e7ekti.<\/p>\n<p>\u0130ngiliz birliklerin Afganistan&#8217;dan ayr\u0131lmas\u0131n\u0131n, \u00fclkesinin Afganistan&#8217;a verdi\u011fi deste\u011fi kesti\u011fi anlam\u0131na gelmedi\u011finin alt\u0131n\u0131 \u00e7izen Johnson, &#8220;\u0130ngiltere, Afganistan&#8217;a bu y\u0131l 100 milyon sterlinden fazla kalk\u0131nma yard\u0131m\u0131 yapt\u0131 ve ulusal g\u00fcvenli\u011fe 58 milyon sterlin katk\u0131da bulundu&#8221; dedi.<\/p>\n<p>Ba\u015fbakan Johnson, \u0130ngiliz h\u00fck\u00fcmetinin Afganistan&#8217;da m\u00fczakere edilen bir \u00e7\u00f6z\u00fcm i\u00e7in \u00e7al\u0131\u015fmaya devam edece\u011fini ve bu \u00e7\u00f6z\u00fcm\u00fcn Taliban&#8217;\u0131 da i\u00e7ermesi gerekece\u011fini s\u00f6yledi.<\/p>\n<p>Johnson, milletvekillerinin \u0130ngiltere&#8217;nin Afganistan&#8217;a m\u00fcdahalesi ve gelecekteki m\u00fcdahaleler i\u00e7in \u00f6\u011frenilmesi gereken dersler konusunda soru\u015fturma \u00e7a\u011fr\u0131s\u0131n\u0131 reddetti.<\/p>\n<div id=\"briti-1083952641\" class=\"briti-icerikten-sonra_2\" style=\"margin-top: 25px;margin-bottom: 25px;\"><a href=\"https:\/\/wa.me\/message\/NDZLLIOQT4H3O1\" aria-label=\"bytv reklam banner\"><img loading=\"lazy\" decoding=\"async\" src=\"https:\/\/by-tv.co.uk\/wp-content\/uploads\/2025\/12\/bytv-reklam-banner.jpg\" alt=\"\"  width=\"2376\" height=\"1008\"   \/><\/a><\/div>","protected":false},"excerpt":{"rendered":"<p>\u0130ngiltere Ba\u015fbakan\u0131 Boris Johnson, Avam Kamaras\u0131&#8217;nda yapt\u0131\u011f\u0131 konu\u015fmada, Afganistan&#8216;da g\u00f6rev yapan \u0130ngiliz askerlerinin \u00fclkeden nihai \u00e7ekilmesiyle ilgili a\u00e7\u0131klamalarda bulundu. Afganistan&#8217;\u0131n El Kaide i\u00e7in art\u0131k bir \u00fcs olmad\u0131\u011f\u0131n\u0131 s\u00f6yleyen Johnson, &#8220;20 y\u0131l sonra e\u011fitim kamplar\u0131 gitti, El Kaide liderli\u011fi \u00fclke d\u0131\u015f\u0131na itildi. Bu temel ger\u00e7ekleri asla g\u00f6zden ka\u00e7\u0131rmamal\u0131y\u0131z&#8221; dedi. Johnson, Afganistan&#8217;daki \u0130ngiliz askerinin \u00e7o\u011funun \u00fclkeden ayr\u0131ld\u0131\u011f\u0131n\u0131 ve kesin bir tarih vermeden tamam\u0131n\u0131n \u00e7ekilece\u011fini aktararak, &#8220;Bizi Afganistan&#8217;a getiren tehdit b\u00fcy\u00fck \u00f6l\u00e7\u00fcde azald\u0131&#8221; ifadesini kulland\u0131. Ancak Afganistan&#8217;dan gelen ter\u00f6r tehditlerinin devam etti\u011fini vurgulayan Johnson, &#8220;Taliban i\u00e7in zafere giden askeri bir yol yok&#8221; de\u011ferlendirmesinde bulundu. Johnson, Afganistan&#8217;daki uluslararas\u0131 varl\u0131\u011f\u0131n asla kal\u0131c\u0131 olmay\u0131 ama\u00e7lamad\u0131\u011f\u0131n\u0131n alt\u0131n\u0131 [&hellip;]<\/p>\n","protected":false},"author":7,"featured_media":0,"comment_status":"open","ping_status":"open","sticky":false,"template":"","format":"standard","meta":{"ngg_post_thumbnail":0,"footnotes":""},"categories":[15],"tags":[3145,417,149],"class_list":["post-11275","post","type-post","status-publish","format-standard","hentry","category-ingiltere","tag-afganistan","tag-boris-johnson","tag-ingiltere"],"_links":{"self":[{"href":"https:\/\/by-tv.co.uk\/en\/wp-json\/wp\/v2\/posts\/11275","targetHints":{"allow":["GET"]}}],"collection":[{"href":"https:\/\/by-tv.co.uk\/en\/wp-json\/wp\/v2\/posts"}],"about":[{"href":"https:\/\/by-tv.co.uk\/en\/wp-json\/wp\/v2\/types\/post"}],"author":[{"embeddable":true,"href":"https:\/\/by-tv.co.uk\/en\/wp-json\/wp\/v2\/users\/7"}],"replies":[{"embeddable":true,"href":"https:\/\/by-tv.co.uk\/en\/wp-json\/wp\/v2\/comments?post=11275"}],"version-history":[{"count":0,"href":"https:\/\/by-tv.co.uk\/en\/wp-json\/wp\/v2\/posts\/11275\/revisions"}],"wp:attachment":[{"href":"https:\/\/by-tv.co.uk\/en\/wp-json\/wp\/v2\/media?parent=11275"}],"wp:term":[{"taxonomy":"category","embeddable":true,"href":"https:\/\/by-tv.co.uk\/en\/wp-json\/wp\/v2\/categories?post=11275"},{"taxonomy":"post_tag","embeddable":true,"href":"https:\/\/by-tv.co.uk\/en\/wp-json\/wp\/v2\/tags?post=11275"}],"curies":[{"name":"wp","href":"https:\/\/api.w.org\/{rel}","templated":true}]}}