{"id":11178,"date":"2021-07-06T17:16:16","date_gmt":"2021-07-06T16:16:16","guid":{"rendered":"https:\/\/by-tv.co.uk\/?p=11178"},"modified":"2021-07-06T17:16:16","modified_gmt":"2021-07-06T16:16:16","slug":"107-yilin-sicaklik-rekoru","status":"publish","type":"post","link":"https:\/\/by-tv.co.uk\/en\/107-yilin-sicaklik-rekoru\/","title":{"rendered":"107 y\u0131l\u0131n s\u0131cakl\u0131k rekoru"},"content":{"rendered":"<p><strong>Finlandiya<\/strong> Meteoroloji Enstit\u00fcs\u00fc, \u00fclkenin en kuzeyindeki <strong>Laponya<\/strong> b\u00f6lgesinde bulunan Utsjoki-Kevo istasyonunda d\u00fcn 33,6 santigrat derece s\u0131cakl\u0131k \u00f6l\u00e7\u00fcld\u00fc\u011f\u00fcn\u00fc bildirdi.\u00a0Bu, &#8220;\u00fclkede 1914&#8217;ten bu yana b\u00f6lgede kaydedilen en y\u00fcksek s\u0131cakl\u0131k de\u011feri&#8221; oldu.<\/p>\n<p>\u00dclkede en son, Temmuz 1914&#8217;te Laponya&#8217;daki Inari Thule b\u00f6lgesinde 34,7 santigratl\u0131k s\u0131cakl\u0131k, bilinen en y\u00fcksek de\u011fer olarak kay\u0131tlara ge\u00e7mi\u015fti.<\/p>\n<p>Laponya b\u00f6lgesi, temmuz ba\u015f\u0131ndan bu yana Do\u011fu Avrupa kaynakl\u0131 al\u00e7ak bas\u0131nc\u0131n yol a\u00e7t\u0131\u011f\u0131 s\u0131cak hava dalgas\u0131n\u0131n etkisinde bulunuyor.<\/p><div id=\"briti-2095553093\" class=\"briti-icerik\" style=\"margin-top: 5px;margin-bottom: 5px;\"><a href=\"https:\/\/piaryum.com\/services\/\" aria-label=\"piaryum banner\"><img loading=\"lazy\" decoding=\"async\" src=\"https:\/\/by-tv.co.uk\/wp-content\/uploads\/2025\/12\/Gemini_Generated_Image_g5yqr1g5yqr1g5yq.jpg\" alt=\"\"  width=\"2064\" height=\"1152\"   \/><\/a><\/div>\n<p>Finlandiya&#8217;n\u0131n kom\u015fular\u0131 <strong>Norve\u00e7<\/strong> ve<strong> \u0130sve\u00e7<\/strong>&#8216;in de kuzey kesimleri s\u0131cak hava dalgas\u0131ndan etkileniyor.<\/p>\n<p>Norve\u00e7&#8217;in Kuzey Kutup Dairesindeki Saltdal b\u00f6lgesinde de bu hafta s\u0131cakl\u0131\u011f\u0131n 34 santigrat dereceye kadar \u00e7\u0131kt\u0131\u011f\u0131 bildirilmi\u015fti.<\/p>\n<div id=\"briti-3245843630\" class=\"briti-icerikten-sonra_2\" style=\"margin-top: 25px;margin-bottom: 25px;\"><a href=\"https:\/\/wa.me\/message\/NDZLLIOQT4H3O1\" aria-label=\"bytv reklam banner\"><img loading=\"lazy\" decoding=\"async\" src=\"https:\/\/by-tv.co.uk\/wp-content\/uploads\/2025\/12\/bytv-reklam-banner.jpg\" alt=\"\"  width=\"2376\" height=\"1008\"   \/><\/a><\/div>","protected":false},"excerpt":{"rendered":"<p>Finlandiya Meteoroloji Enstit\u00fcs\u00fc, \u00fclkenin en kuzeyindeki Laponya b\u00f6lgesinde bulunan Utsjoki-Kevo istasyonunda d\u00fcn 33,6 santigrat derece s\u0131cakl\u0131k \u00f6l\u00e7\u00fcld\u00fc\u011f\u00fcn\u00fc bildirdi.\u00a0Bu, &#8220;\u00fclkede 1914&#8217;ten bu yana b\u00f6lgede kaydedilen en y\u00fcksek s\u0131cakl\u0131k de\u011feri&#8221; oldu. \u00dclkede en son, Temmuz 1914&#8217;te Laponya&#8217;daki Inari Thule b\u00f6lgesinde 34,7 santigratl\u0131k s\u0131cakl\u0131k, bilinen en y\u00fcksek de\u011fer olarak kay\u0131tlara ge\u00e7mi\u015fti. Laponya b\u00f6lgesi, temmuz ba\u015f\u0131ndan bu yana Do\u011fu Avrupa kaynakl\u0131 al\u00e7ak bas\u0131nc\u0131n yol a\u00e7t\u0131\u011f\u0131 s\u0131cak hava dalgas\u0131n\u0131n etkisinde bulunuyor. Finlandiya&#8217;n\u0131n kom\u015fular\u0131 Norve\u00e7 ve \u0130sve\u00e7&#8216;in de kuzey kesimleri s\u0131cak hava dalgas\u0131ndan etkileniyor. Norve\u00e7&#8217;in Kuzey Kutup Dairesindeki Saltdal b\u00f6lgesinde de bu hafta s\u0131cakl\u0131\u011f\u0131n 34 santigrat dereceye kadar \u00e7\u0131kt\u0131\u011f\u0131 bildirilmi\u015fti.<\/p>","protected":false},"author":7,"featured_media":11179,"comment_status":"open","ping_status":"open","sticky":false,"template":"","format":"standard","meta":{"ngg_post_thumbnail":0,"footnotes":""},"categories":[11],"tags":[3510,3101,3511,3439],"class_list":["post-11178","post","type-post","status-publish","format-standard","has-post-thumbnail","hentry","category-dunya","tag-derece","tag-finlandiya","tag-laponya","tag-sicak"],"_links":{"self":[{"href":"https:\/\/by-tv.co.uk\/en\/wp-json\/wp\/v2\/posts\/11178","targetHints":{"allow":["GET"]}}],"collection":[{"href":"https:\/\/by-tv.co.uk\/en\/wp-json\/wp\/v2\/posts"}],"about":[{"href":"https:\/\/by-tv.co.uk\/en\/wp-json\/wp\/v2\/types\/post"}],"author":[{"embeddable":true,"href":"https:\/\/by-tv.co.uk\/en\/wp-json\/wp\/v2\/users\/7"}],"replies":[{"embeddable":true,"href":"https:\/\/by-tv.co.uk\/en\/wp-json\/wp\/v2\/comments?post=11178"}],"version-history":[{"count":0,"href":"https:\/\/by-tv.co.uk\/en\/wp-json\/wp\/v2\/posts\/11178\/revisions"}],"wp:featuredmedia":[{"embeddable":true,"href":"https:\/\/by-tv.co.uk\/en\/wp-json\/wp\/v2\/media\/11179"}],"wp:attachment":[{"href":"https:\/\/by-tv.co.uk\/en\/wp-json\/wp\/v2\/media?parent=11178"}],"wp:term":[{"taxonomy":"category","embeddable":true,"href":"https:\/\/by-tv.co.uk\/en\/wp-json\/wp\/v2\/categories?post=11178"},{"taxonomy":"post_tag","embeddable":true,"href":"https:\/\/by-tv.co.uk\/en\/wp-json\/wp\/v2\/tags?post=11178"}],"curies":[{"name":"wp","href":"https:\/\/api.w.org\/{rel}","templated":true}]}}