{"id":11171,"date":"2021-07-06T16:44:28","date_gmt":"2021-07-06T15:44:28","guid":{"rendered":"https:\/\/by-tv.co.uk\/?p=11171"},"modified":"2021-07-06T16:45:32","modified_gmt":"2021-07-06T15:45:32","slug":"duduk-sanatcisi-civan-gasparyan-hayatini-kaybetti","status":"publish","type":"post","link":"https:\/\/by-tv.co.uk\/en\/duduk-sanatcisi-civan-gasparyan-hayatini-kaybetti\/","title":{"rendered":"Duduk sanat\u00e7\u0131s\u0131 Civan Gasparyan hayat\u0131n\u0131 kaybetti"},"content":{"rendered":"<p>Sanat d\u00fcnyas\u0131 usta bir ismini daha kaybetti. <strong>Ermeni<\/strong> duduk sanat\u00e7\u0131s\u0131 <strong>Civan Gasparyan<\/strong>, hayat\u0131n\u0131 kaybetti.<\/p>\n<p>Gasparyan, 1928 y\u0131l\u0131nda <strong>Ermenistan<\/strong>&#8216;da d\u00fcnyaya geldi. Gasparyan\u2019\u0131n ailesi Mu\u015f\u2019tan gelmi\u015fti.<\/p>\n<p>Alt\u0131 ya\u015f\u0131nda duduk \u00e7almaya ba\u015flayan Gasparyan, Tatul Halk M\u00fczi\u011fi ve Danslar\u0131 Toplulu\u011fu ve Erivan Filarmoni Orkestras\u0131&#8217;n\u0131n solisti oldu.<\/p><div id=\"briti-2577577573\" class=\"briti-icerik\" style=\"margin-top: 5px;margin-bottom: 5px;\"><a href=\"https:\/\/piaryum.com\/services\/\" aria-label=\"piaryum banner\"><img loading=\"lazy\" decoding=\"async\" src=\"https:\/\/by-tv.co.uk\/wp-content\/uploads\/2025\/12\/Gemini_Generated_Image_g5yqr1g5yqr1g5yq.jpg\" alt=\"\"  width=\"2064\" height=\"1152\"   \/><\/a><\/div>\n<p>D\u00fcnyan\u0131n en \u00fcnl\u00fc senfonik orkestralar\u0131nda g\u00f6rev alan Gasparyan, Peter Gabriel, Lionel Richie, Michael Brook ve Erkan O\u011fur gibi m\u00fczisyenlerle \u00e7al\u0131\u015ft\u0131.<\/p>\n<p>Bir\u00e7ok alb\u00fcme imza atan Gasparyan, Ronin ve Gladyat\u00f6r gibi pek \u00e7ok filmde m\u00fczikleriyle yer ald\u0131.<\/p>\n<p>Civan Gasparyan, \u00e7ok say\u0131da \u00f6d\u00fcl alm\u0131\u015f, Ermenistan Halk Sanat\u00e7\u0131s\u0131 unvan\u0131na da lay\u0131k g\u00f6r\u00fclm\u00fc\u015ft\u00fc.<strong>\u00a0<\/strong><\/p>\n<div id=\"briti-3078336147\" class=\"briti-icerikten-sonra_2\" style=\"margin-top: 25px;margin-bottom: 25px;\"><a href=\"https:\/\/wa.me\/message\/NDZLLIOQT4H3O1\" aria-label=\"bytv reklam banner\"><img loading=\"lazy\" decoding=\"async\" src=\"https:\/\/by-tv.co.uk\/wp-content\/uploads\/2025\/12\/bytv-reklam-banner.jpg\" alt=\"\"  width=\"2376\" height=\"1008\"   \/><\/a><\/div>","protected":false},"excerpt":{"rendered":"<p>Sanat d\u00fcnyas\u0131 usta bir ismini daha kaybetti. Ermeni duduk sanat\u00e7\u0131s\u0131 Civan Gasparyan, hayat\u0131n\u0131 kaybetti. Gasparyan, 1928 y\u0131l\u0131nda Ermenistan&#8216;da d\u00fcnyaya geldi. Gasparyan\u2019\u0131n ailesi Mu\u015f\u2019tan gelmi\u015fti. Alt\u0131 ya\u015f\u0131nda duduk \u00e7almaya ba\u015flayan Gasparyan, Tatul Halk M\u00fczi\u011fi ve Danslar\u0131 Toplulu\u011fu ve Erivan Filarmoni Orkestras\u0131&#8217;n\u0131n solisti oldu. D\u00fcnyan\u0131n en \u00fcnl\u00fc senfonik orkestralar\u0131nda g\u00f6rev alan Gasparyan, Peter Gabriel, Lionel Richie, Michael Brook ve Erkan O\u011fur gibi m\u00fczisyenlerle \u00e7al\u0131\u015ft\u0131. Bir\u00e7ok alb\u00fcme imza atan Gasparyan, Ronin ve Gladyat\u00f6r gibi pek \u00e7ok filmde m\u00fczikleriyle yer ald\u0131. Civan Gasparyan, \u00e7ok say\u0131da \u00f6d\u00fcl alm\u0131\u015f, Ermenistan Halk Sanat\u00e7\u0131s\u0131 unvan\u0131na da lay\u0131k g\u00f6r\u00fclm\u00fc\u015ft\u00fc.\u00a0<\/p>","protected":false},"author":7,"featured_media":11172,"comment_status":"open","ping_status":"open","sticky":false,"template":"","format":"standard","meta":{"ngg_post_thumbnail":0,"footnotes":""},"categories":[1487],"tags":[3508,3509,2227],"class_list":["post-11171","post","type-post","status-publish","format-standard","has-post-thumbnail","hentry","category-sanat","tag-civan-gasparyan","tag-duduk","tag-ermenistan"],"_links":{"self":[{"href":"https:\/\/by-tv.co.uk\/en\/wp-json\/wp\/v2\/posts\/11171","targetHints":{"allow":["GET"]}}],"collection":[{"href":"https:\/\/by-tv.co.uk\/en\/wp-json\/wp\/v2\/posts"}],"about":[{"href":"https:\/\/by-tv.co.uk\/en\/wp-json\/wp\/v2\/types\/post"}],"author":[{"embeddable":true,"href":"https:\/\/by-tv.co.uk\/en\/wp-json\/wp\/v2\/users\/7"}],"replies":[{"embeddable":true,"href":"https:\/\/by-tv.co.uk\/en\/wp-json\/wp\/v2\/comments?post=11171"}],"version-history":[{"count":0,"href":"https:\/\/by-tv.co.uk\/en\/wp-json\/wp\/v2\/posts\/11171\/revisions"}],"wp:featuredmedia":[{"embeddable":true,"href":"https:\/\/by-tv.co.uk\/en\/wp-json\/wp\/v2\/media\/11172"}],"wp:attachment":[{"href":"https:\/\/by-tv.co.uk\/en\/wp-json\/wp\/v2\/media?parent=11171"}],"wp:term":[{"taxonomy":"category","embeddable":true,"href":"https:\/\/by-tv.co.uk\/en\/wp-json\/wp\/v2\/categories?post=11171"},{"taxonomy":"post_tag","embeddable":true,"href":"https:\/\/by-tv.co.uk\/en\/wp-json\/wp\/v2\/tags?post=11171"}],"curies":[{"name":"wp","href":"https:\/\/api.w.org\/{rel}","templated":true}]}}