{"id":11134,"date":"2021-07-06T09:31:18","date_gmt":"2021-07-06T08:31:18","guid":{"rendered":"https:\/\/by-tv.co.uk\/?p=11134"},"modified":"2021-07-06T09:32:16","modified_gmt":"2021-07-06T08:32:16","slug":"okyanusun-neden-alev-aldigi-belli-oldu","status":"publish","type":"post","link":"https:\/\/by-tv.co.uk\/en\/okyanusun-neden-alev-aldigi-belli-oldu\/","title":{"rendered":"Okyanusun neden alev ald\u0131\u011f\u0131 belli oldu"},"content":{"rendered":"<p><strong>Meksika<\/strong>&#8216;n\u0131n devlete ait petrol \u015firketi <strong>Petroleos Mexicanos<\/strong> (<strong>Pemex<\/strong>) yapt\u0131\u011f\u0131 a\u00e7\u0131klamada, \u015fim\u015fek f\u0131rt\u0131nas\u0131 ve e\u015fzamanl\u0131 olarak boru hatt\u0131ndaki gaz s\u0131z\u0131nt\u0131s\u0131n\u0131n ge\u00e7en hafta Meksika K\u00f6rfezi&#8217;nde g\u00f6r\u00fclen yang\u0131na yol a\u00e7t\u0131\u011f\u0131n\u0131 ifade etti.<\/p>\n<p>Pemex, 2 Temmuz&#8217;da \u015fiddetli ya\u011fmur ve \u015fim\u015fek f\u0131rt\u0131nas\u0131n\u0131n \u015firketi, yang\u0131n\u0131n meydana geldi\u011fi yerin yak\u0131n\u0131ndaki pompa istasyonlar\u0131n\u0131 kapatmaya zorlad\u0131\u011f\u0131 bilgisini payla\u015ft\u0131.<\/p>\n<p>Su alt\u0131 boru petrol boru hatt\u0131nda meydana gelen s\u0131z\u0131nt\u0131n\u0131n do\u011fal gaz olarak okyanus taban\u0131nda birikti\u011fi ve okyanus y\u00fczeyine ula\u015ft\u0131\u011f\u0131nda muhtemelen bir y\u0131ld\u0131r\u0131m nedeniyle tutu\u015ftu\u011fu ifade edildi.<\/p><div id=\"briti-632274181\" class=\"briti-icerik\" style=\"margin-top: 5px;margin-bottom: 5px;\"><a href=\"https:\/\/piaryum.com\/services\/\" aria-label=\"piaryum banner\"><img loading=\"lazy\" decoding=\"async\" src=\"https:\/\/by-tv.co.uk\/wp-content\/uploads\/2025\/12\/Gemini_Generated_Image_g5yqr1g5yqr1g5yq.jpg\" alt=\"\"  width=\"2064\" height=\"1152\"   \/><\/a><\/div>\n<p>Pemex, Meksika K\u00f6rfezi&#8217;nde su alt\u0131 petrol boru hatt\u0131ndaki patlaman\u0131n ard\u0131ndan \u00e7\u0131kan yang\u0131n\u0131n uzun u\u011fra\u015flar sonucunda kontrol alt\u0131na al\u0131nd\u0131\u011f\u0131n\u0131 a\u00e7\u0131klam\u0131\u015ft\u0131.<\/p>\n<div id=\"briti-715168951\" class=\"briti-icerikten-sonra_2\" style=\"margin-top: 25px;margin-bottom: 25px;\"><a href=\"https:\/\/wa.me\/message\/NDZLLIOQT4H3O1\" aria-label=\"bytv reklam banner\"><img loading=\"lazy\" decoding=\"async\" src=\"https:\/\/by-tv.co.uk\/wp-content\/uploads\/2025\/12\/bytv-reklam-banner.jpg\" alt=\"\"  width=\"2376\" height=\"1008\"   \/><\/a><\/div>","protected":false},"excerpt":{"rendered":"<p>Meksika&#8216;n\u0131n devlete ait petrol \u015firketi Petroleos Mexicanos (Pemex) yapt\u0131\u011f\u0131 a\u00e7\u0131klamada, \u015fim\u015fek f\u0131rt\u0131nas\u0131 ve e\u015fzamanl\u0131 olarak boru hatt\u0131ndaki gaz s\u0131z\u0131nt\u0131s\u0131n\u0131n ge\u00e7en hafta Meksika K\u00f6rfezi&#8217;nde g\u00f6r\u00fclen yang\u0131na yol a\u00e7t\u0131\u011f\u0131n\u0131 ifade etti. Pemex, 2 Temmuz&#8217;da \u015fiddetli ya\u011fmur ve \u015fim\u015fek f\u0131rt\u0131nas\u0131n\u0131n \u015firketi, yang\u0131n\u0131n meydana geldi\u011fi yerin yak\u0131n\u0131ndaki pompa istasyonlar\u0131n\u0131 kapatmaya zorlad\u0131\u011f\u0131 bilgisini payla\u015ft\u0131. Su alt\u0131 boru petrol boru hatt\u0131nda meydana gelen s\u0131z\u0131nt\u0131n\u0131n do\u011fal gaz olarak okyanus taban\u0131nda birikti\u011fi ve okyanus y\u00fczeyine ula\u015ft\u0131\u011f\u0131nda muhtemelen bir y\u0131ld\u0131r\u0131m nedeniyle tutu\u015ftu\u011fu ifade edildi. Pemex, Meksika K\u00f6rfezi&#8217;nde su alt\u0131 petrol boru hatt\u0131ndaki patlaman\u0131n ard\u0131ndan \u00e7\u0131kan yang\u0131n\u0131n uzun u\u011fra\u015flar sonucunda kontrol alt\u0131na al\u0131nd\u0131\u011f\u0131n\u0131 a\u00e7\u0131klam\u0131\u015ft\u0131.<\/p>","protected":false},"author":7,"featured_media":0,"comment_status":"open","ping_status":"open","sticky":false,"template":"","format":"standard","meta":{"ngg_post_thumbnail":0,"footnotes":""},"categories":[11],"tags":[3504,3429,2341],"class_list":["post-11134","post","type-post","status-publish","format-standard","hentry","category-dunya","tag-alev","tag-meksika","tag-okyanus"],"_links":{"self":[{"href":"https:\/\/by-tv.co.uk\/en\/wp-json\/wp\/v2\/posts\/11134","targetHints":{"allow":["GET"]}}],"collection":[{"href":"https:\/\/by-tv.co.uk\/en\/wp-json\/wp\/v2\/posts"}],"about":[{"href":"https:\/\/by-tv.co.uk\/en\/wp-json\/wp\/v2\/types\/post"}],"author":[{"embeddable":true,"href":"https:\/\/by-tv.co.uk\/en\/wp-json\/wp\/v2\/users\/7"}],"replies":[{"embeddable":true,"href":"https:\/\/by-tv.co.uk\/en\/wp-json\/wp\/v2\/comments?post=11134"}],"version-history":[{"count":0,"href":"https:\/\/by-tv.co.uk\/en\/wp-json\/wp\/v2\/posts\/11134\/revisions"}],"wp:attachment":[{"href":"https:\/\/by-tv.co.uk\/en\/wp-json\/wp\/v2\/media?parent=11134"}],"wp:term":[{"taxonomy":"category","embeddable":true,"href":"https:\/\/by-tv.co.uk\/en\/wp-json\/wp\/v2\/categories?post=11134"},{"taxonomy":"post_tag","embeddable":true,"href":"https:\/\/by-tv.co.uk\/en\/wp-json\/wp\/v2\/tags?post=11134"}],"curies":[{"name":"wp","href":"https:\/\/api.w.org\/{rel}","templated":true}]}}