{"id":11099,"date":"2021-07-05T17:17:04","date_gmt":"2021-07-05T16:17:04","guid":{"rendered":"https:\/\/by-tv.co.uk\/?p=11099"},"modified":"2021-07-05T17:17:04","modified_gmt":"2021-07-05T16:17:04","slug":"kitaplari-74-yil-sonra-iade-etti","status":"publish","type":"post","link":"https:\/\/by-tv.co.uk\/en\/kitaplari-74-yil-sonra-iade-etti\/","title":{"rendered":"Kitaplar\u0131 74 y\u0131l sonra iade etti"},"content":{"rendered":"<p>ABD\u2019n\u0131n Massachusetts eyaletinde ya\u015fayan Bob Alvarez, evinin bodrumunda 39 kitap buldu.<\/p>\n<p>Kitaplar\u0131n 1937 y\u0131l\u0131nda hayat\u0131n\u0131 kaybeden teyzesine ait oldu\u011funu g\u00f6ren Alvarez, kitaplar\u0131n k\u00fct\u00fcphaneden \u00f6d\u00fcn\u00e7 al\u0131nd\u0131\u011f\u0131n\u0131 g\u00f6rd\u00fc.<\/p>\n<p>Somerville Halk K\u00fct\u00fcphanesi&#8217;yle ileti\u015fime ge\u00e7en Alvarez, kitaplar\u0131 y\u0131llar sonra iade etti.<\/p><div id=\"briti-2100919916\" class=\"briti-icerik\" style=\"margin-top: 5px;margin-bottom: 5px;\"><a href=\"https:\/\/piaryum.com\/services\/\" aria-label=\"piaryum banner\"><img loading=\"lazy\" decoding=\"async\" src=\"https:\/\/by-tv.co.uk\/wp-content\/uploads\/2025\/12\/Gemini_Generated_Image_g5yqr1g5yqr1g5yq.jpg\" alt=\"\"  width=\"2064\" height=\"1152\"   \/><\/a><\/div>\n<p>Kitaplar\u0131n y\u0131llar sonra nas\u0131l geri geldi\u011fini anlatan bir notla birlikte sergilenece\u011fi \u00f6\u011frenildi.<\/p>\n<div id=\"briti-2940599778\" class=\"briti-icerikten-sonra_2\" style=\"margin-top: 25px;margin-bottom: 25px;\"><a href=\"https:\/\/wa.me\/message\/NDZLLIOQT4H3O1\" aria-label=\"bytv reklam banner\"><img loading=\"lazy\" decoding=\"async\" src=\"https:\/\/by-tv.co.uk\/wp-content\/uploads\/2025\/12\/bytv-reklam-banner.jpg\" alt=\"\"  width=\"2376\" height=\"1008\"   \/><\/a><\/div>","protected":false},"excerpt":{"rendered":"<p>ABD\u2019n\u0131n Massachusetts eyaletinde ya\u015fayan Bob Alvarez, evinin bodrumunda 39 kitap buldu. Kitaplar\u0131n 1937 y\u0131l\u0131nda hayat\u0131n\u0131 kaybeden teyzesine ait oldu\u011funu g\u00f6ren Alvarez, kitaplar\u0131n k\u00fct\u00fcphaneden \u00f6d\u00fcn\u00e7 al\u0131nd\u0131\u011f\u0131n\u0131 g\u00f6rd\u00fc. Somerville Halk K\u00fct\u00fcphanesi&#8217;yle ileti\u015fime ge\u00e7en Alvarez, kitaplar\u0131 y\u0131llar sonra iade etti. Kitaplar\u0131n y\u0131llar sonra nas\u0131l geri geldi\u011fini anlatan bir notla birlikte sergilenece\u011fi \u00f6\u011frenildi.<\/p>","protected":false},"author":7,"featured_media":0,"comment_status":"open","ping_status":"open","sticky":false,"template":"","format":"standard","meta":{"ngg_post_thumbnail":0,"footnotes":""},"categories":[1],"tags":[372,3480,3481],"class_list":["post-11099","post","type-post","status-publish","format-standard","hentry","category-genel","tag-abd","tag-kitap","tag-kutuphane"],"_links":{"self":[{"href":"https:\/\/by-tv.co.uk\/en\/wp-json\/wp\/v2\/posts\/11099","targetHints":{"allow":["GET"]}}],"collection":[{"href":"https:\/\/by-tv.co.uk\/en\/wp-json\/wp\/v2\/posts"}],"about":[{"href":"https:\/\/by-tv.co.uk\/en\/wp-json\/wp\/v2\/types\/post"}],"author":[{"embeddable":true,"href":"https:\/\/by-tv.co.uk\/en\/wp-json\/wp\/v2\/users\/7"}],"replies":[{"embeddable":true,"href":"https:\/\/by-tv.co.uk\/en\/wp-json\/wp\/v2\/comments?post=11099"}],"version-history":[{"count":0,"href":"https:\/\/by-tv.co.uk\/en\/wp-json\/wp\/v2\/posts\/11099\/revisions"}],"wp:attachment":[{"href":"https:\/\/by-tv.co.uk\/en\/wp-json\/wp\/v2\/media?parent=11099"}],"wp:term":[{"taxonomy":"category","embeddable":true,"href":"https:\/\/by-tv.co.uk\/en\/wp-json\/wp\/v2\/categories?post=11099"},{"taxonomy":"post_tag","embeddable":true,"href":"https:\/\/by-tv.co.uk\/en\/wp-json\/wp\/v2\/tags?post=11099"}],"curies":[{"name":"wp","href":"https:\/\/api.w.org\/{rel}","templated":true}]}}