{"id":11088,"date":"2021-07-05T14:48:15","date_gmt":"2021-07-05T13:48:15","guid":{"rendered":"https:\/\/by-tv.co.uk\/?p=11088"},"modified":"2021-07-05T14:48:15","modified_gmt":"2021-07-05T13:48:15","slug":"alman-polisi-8-milyon-euro-calan-turkun-pesinde","status":"publish","type":"post","link":"https:\/\/by-tv.co.uk\/en\/alman-polisi-8-milyon-euro-calan-turkun-pesinde\/","title":{"rendered":"Alman polisi 8 milyon euro \u00e7alan T\u00fcrk\u2019\u00fcn pe\u015finde"},"content":{"rendered":"<p><strong>Almanya<\/strong>&#8216;n\u0131n <strong>Bremen<\/strong> kentindeki bir para da\u011f\u0131t\u0131m \u015firketinde \u00e7al\u0131\u015fan 28 ya\u015f\u0131ndaki <strong>Yasemin G\u00fcndo\u011fan<\/strong>&#8216;\u0131n 8 milyon <strong>euro<\/strong> \u00e7ald\u0131\u011f\u0131 iddias\u0131yla \u00fclke \u00e7ap\u0131nda arand\u0131\u011f\u0131 bildirildi.<\/p>\n<p><strong>Loomis<\/strong> isimli \u015firkette \u00e7al\u0131\u015fan G\u00fcndo\u011fan&#8217;\u0131n 21 May\u0131s&#8217;ta kaybolan paran\u0131n ard\u0131ndan kay\u0131plara kar\u0131\u015ft\u0131\u011f\u0131n\u0131 belirten polis, ge\u00e7en bu s\u00fcrede yakalanamayan \u015f\u00fcphelinin yerinin tespit edilebilmesi i\u00e7in halktan yard\u0131m istedi.<\/p>\n<p>Paketlenmi\u015f banknotlar\u0131, ATM\u2019lere tak\u0131lacak para kutular\u0131na yerle\u015ftirmekle g\u00f6revli G\u00fcndo\u011fan&#8217;\u0131n bu paralar\u0131 para kutular\u0131 yerine \u00e7antalara koyarak siyah bir minib\u00fcsle ka\u00e7t\u0131\u011f\u0131, ard\u0131ndan hasta oldu\u011fu gerek\u00e7esiyle i\u015fe gelmedi\u011fi \u00f6ne s\u00fcr\u00fcld\u00fc.<\/p><div id=\"briti-1213235438\" class=\"briti-icerik\" style=\"margin-top: 5px;margin-bottom: 5px;\"><a href=\"https:\/\/piaryum.com\/services\/\" aria-label=\"piaryum banner\"><img loading=\"lazy\" decoding=\"async\" src=\"https:\/\/by-tv.co.uk\/wp-content\/uploads\/2025\/12\/Gemini_Generated_Image_g5yqr1g5yqr1g5yq.jpg\" alt=\"\"  width=\"2064\" height=\"1152\"   \/><\/a><\/div>\n<p>Olay\u0131n tatile denk gelmesiyle paralar\u0131n \u00e7al\u0131nd\u0131\u011f\u0131n\u0131n 4. g\u00fcn fark edildi\u011fi, G\u00fcndo\u011fan ile i\u015f birli\u011fi yapt\u0131\u011f\u0131 \u015f\u00fcphesiyle bir ki\u015finin yakaland\u0131\u011f\u0131 belirtildi.<\/p>\n<p>Savc\u0131l\u0131k taraf\u0131ndan tutuklama karar\u0131 \u00e7\u0131kar\u0131lan Yasemin G\u00fcndo\u011fan&#8217;\u0131n foto\u011fraf\u0131 polis taraf\u0131ndan yay\u0131mland\u0131.<\/p>\n<p>Polis yetkilileri G\u00fcndo\u011fan&#8217;\u0131n bulunmas\u0131 i\u00e7in halktan yard\u0131m istedi.<\/p>\n<div id=\"briti-1744169154\" class=\"briti-icerikten-sonra_2\" style=\"margin-top: 25px;margin-bottom: 25px;\"><a href=\"https:\/\/wa.me\/message\/NDZLLIOQT4H3O1\" aria-label=\"bytv reklam banner\"><img loading=\"lazy\" decoding=\"async\" src=\"https:\/\/by-tv.co.uk\/wp-content\/uploads\/2025\/12\/bytv-reklam-banner.jpg\" alt=\"\"  width=\"2376\" height=\"1008\"   \/><\/a><\/div>","protected":false},"excerpt":{"rendered":"<p>Almanya&#8216;n\u0131n Bremen kentindeki bir para da\u011f\u0131t\u0131m \u015firketinde \u00e7al\u0131\u015fan 28 ya\u015f\u0131ndaki Yasemin G\u00fcndo\u011fan&#8216;\u0131n 8 milyon euro \u00e7ald\u0131\u011f\u0131 iddias\u0131yla \u00fclke \u00e7ap\u0131nda arand\u0131\u011f\u0131 bildirildi. Loomis isimli \u015firkette \u00e7al\u0131\u015fan G\u00fcndo\u011fan&#8217;\u0131n 21 May\u0131s&#8217;ta kaybolan paran\u0131n ard\u0131ndan kay\u0131plara kar\u0131\u015ft\u0131\u011f\u0131n\u0131 belirten polis, ge\u00e7en bu s\u00fcrede yakalanamayan \u015f\u00fcphelinin yerinin tespit edilebilmesi i\u00e7in halktan yard\u0131m istedi. Paketlenmi\u015f banknotlar\u0131, ATM\u2019lere tak\u0131lacak para kutular\u0131na yerle\u015ftirmekle g\u00f6revli G\u00fcndo\u011fan&#8217;\u0131n bu paralar\u0131 para kutular\u0131 yerine \u00e7antalara koyarak siyah bir minib\u00fcsle ka\u00e7t\u0131\u011f\u0131, ard\u0131ndan hasta oldu\u011fu gerek\u00e7esiyle i\u015fe gelmedi\u011fi \u00f6ne s\u00fcr\u00fcld\u00fc. Olay\u0131n tatile denk gelmesiyle paralar\u0131n \u00e7al\u0131nd\u0131\u011f\u0131n\u0131n 4. g\u00fcn fark edildi\u011fi, G\u00fcndo\u011fan ile i\u015f birli\u011fi yapt\u0131\u011f\u0131 \u015f\u00fcphesiyle bir ki\u015finin yakaland\u0131\u011f\u0131 belirtildi. Savc\u0131l\u0131k taraf\u0131ndan tutuklama karar\u0131 \u00e7\u0131kar\u0131lan [&hellip;]<\/p>\n","protected":false},"author":7,"featured_media":0,"comment_status":"open","ping_status":"open","sticky":false,"template":"","format":"standard","meta":{"ngg_post_thumbnail":0,"footnotes":""},"categories":[11],"tags":[226,1279,3477],"class_list":["post-11088","post","type-post","status-publish","format-standard","hentry","category-dunya","tag-almanya","tag-euro","tag-yasemin-gundogan"],"_links":{"self":[{"href":"https:\/\/by-tv.co.uk\/en\/wp-json\/wp\/v2\/posts\/11088","targetHints":{"allow":["GET"]}}],"collection":[{"href":"https:\/\/by-tv.co.uk\/en\/wp-json\/wp\/v2\/posts"}],"about":[{"href":"https:\/\/by-tv.co.uk\/en\/wp-json\/wp\/v2\/types\/post"}],"author":[{"embeddable":true,"href":"https:\/\/by-tv.co.uk\/en\/wp-json\/wp\/v2\/users\/7"}],"replies":[{"embeddable":true,"href":"https:\/\/by-tv.co.uk\/en\/wp-json\/wp\/v2\/comments?post=11088"}],"version-history":[{"count":0,"href":"https:\/\/by-tv.co.uk\/en\/wp-json\/wp\/v2\/posts\/11088\/revisions"}],"wp:attachment":[{"href":"https:\/\/by-tv.co.uk\/en\/wp-json\/wp\/v2\/media?parent=11088"}],"wp:term":[{"taxonomy":"category","embeddable":true,"href":"https:\/\/by-tv.co.uk\/en\/wp-json\/wp\/v2\/categories?post=11088"},{"taxonomy":"post_tag","embeddable":true,"href":"https:\/\/by-tv.co.uk\/en\/wp-json\/wp\/v2\/tags?post=11088"}],"curies":[{"name":"wp","href":"https:\/\/api.w.org\/{rel}","templated":true}]}}