{"id":11078,"date":"2021-07-04T20:07:42","date_gmt":"2021-07-04T19:07:42","guid":{"rendered":"https:\/\/by-tv.co.uk\/?p=11078"},"modified":"2021-07-04T20:07:42","modified_gmt":"2021-07-04T19:07:42","slug":"korkutan-yangin-kontrol-altinda","status":"publish","type":"post","link":"https:\/\/by-tv.co.uk\/en\/korkutan-yangin-kontrol-altinda\/","title":{"rendered":"Korkutan yang\u0131n kontrol alt\u0131nda"},"content":{"rendered":"<p><strong>K\u0131br\u0131s Rum kesimi<\/strong>nde d\u00fcn \u00f6\u011fle saatlerinde ba\u015flayan<strong> yang\u0131n<\/strong> halen devam ediyor. \u00c7e\u015fitli b\u00f6lgelerdeki alevlenmelere m\u00fcdahale ediliyor.<\/p>\n<p>Rum \u0130\u00e7i\u015fleri Bakan\u0131 Nicos Nourris ise \u015fu ana kadar yap\u0131lan hasar tespit \u00e7al\u0131\u015fmalar\u0131na g\u00f6re, yang\u0131nda 7 k\u00f6yde 50 civar\u0131 evin hasar g\u00f6rd\u00fc\u011f\u00fcn\u00fc a\u00e7\u0131klad\u0131.<\/p>\n<p>Yang\u0131n\u0131n ba\u015flad\u0131\u011f\u0131 Limasol&#8217;a ba\u011fl\u0131 Arakapa k\u00f6y\u00fcnde ise 9 ev yanarak kullan\u0131lamaz hale geldi.<\/p><div id=\"briti-2811226044\" class=\"briti-icerik\" style=\"margin-top: 5px;margin-bottom: 5px;\"><a href=\"https:\/\/piaryum.com\/services\/\" aria-label=\"piaryum banner\"><img loading=\"lazy\" decoding=\"async\" src=\"https:\/\/by-tv.co.uk\/wp-content\/uploads\/2025\/12\/Gemini_Generated_Image_g5yqr1g5yqr1g5yq.jpg\" alt=\"\"  width=\"2064\" height=\"1152\"   \/><\/a><\/div>\n<p>Yang\u0131n s\u00f6nd\u00fcrme \u00e7al\u0131\u015fmalar\u0131 i\u00e7in Yunanistan&#8217;dan iki yang\u0131n s\u00f6nd\u00fcrme u\u00e7a\u011f\u0131 ve 25 personel daha gelerek \u00e7al\u0131\u015fmalara ba\u015flad\u0131.<\/p>\n<p>\u0130srail&#8217;den gelen iki yang\u0131n s\u00f6nd\u00fcrme u\u00e7a\u011f\u0131 da her olas\u0131l\u0131\u011fa kar\u015f\u0131 haz\u0131r bekletiliyor.<\/p>\n<p><strong>R\u00dcZGARLA B\u00dcY\u00dcD\u00dc<\/strong><\/p>\n<p>K\u0131br\u0131s Rum kesiminde Limasol b\u00f6lgesine ba\u011fl\u0131 Arakapas k\u00f6y\u00fc yak\u0131nlar\u0131nda d\u00fcn \u00f6\u011fle saatlerinde ba\u015flayan yang\u0131n kontrolden \u00e7\u0131km\u0131\u015ft\u0131.<\/p>\n<p>R\u00fczgar\u0131n da etkisiyle b\u00fcy\u00fcyen yang\u0131n sebebiyle Rum kesimindeki baz\u0131 k\u00f6yler bo\u015falt\u0131lm\u0131\u015ft\u0131.<\/p>\n<p>Alevler 10 kadar yerle\u015fim b\u00f6lgesini etkilerken, baz\u0131 b\u00f6lgelerde kablolar\u0131n da yanmas\u0131 sonucu elektrikler kesilmi\u015fti.<\/p>\n<p>Yetkililer, yang\u0131nda geni\u015f bir ormanl\u0131k alan\u0131n zarar g\u00f6rd\u00fc\u011f\u00fcn\u00fc belirtmi\u015fti.<\/p>\n<p>Rum h\u00fck\u00fcmeti, yang\u0131n\u0131n s\u00f6nd\u00fcr\u00fclebilmesi i\u00e7in Avrupa Birli\u011fi (AB) ve \u0130srail&#8217;den yard\u0131m talebinde bulunmu\u015ftu.<\/p>\n<p>KKTC Cumhurba\u015fkan\u0131 Ersin Tatar, d\u00fcn G\u00fcney K\u0131br\u0131s Rum y\u00f6netimi (GKRY) lideri Nikos Anastasiadis&#8217;i arayarak, Limasol&#8217;daki yang\u0131n\u0131n s\u00fcnd\u00fcr\u00fclmesi i\u00e7in yard\u0131ma haz\u0131r olduklar\u0131n\u0131 iletmi\u015fti.<\/p>\n<p>Anastasiadis, T\u00fcrk taraf\u0131n\u0131n yard\u0131m teklifini de\u011ferlendireceklerini s\u00f6ylemi\u015fti.<\/p>\n<div id=\"briti-3309173677\" class=\"briti-icerikten-sonra_2\" style=\"margin-top: 25px;margin-bottom: 25px;\"><a href=\"https:\/\/wa.me\/message\/NDZLLIOQT4H3O1\" aria-label=\"bytv reklam banner\"><img loading=\"lazy\" decoding=\"async\" src=\"https:\/\/by-tv.co.uk\/wp-content\/uploads\/2025\/12\/bytv-reklam-banner.jpg\" alt=\"\"  width=\"2376\" height=\"1008\"   \/><\/a><\/div>","protected":false},"excerpt":{"rendered":"<p>K\u0131br\u0131s Rum kesiminde d\u00fcn \u00f6\u011fle saatlerinde ba\u015flayan yang\u0131n halen devam ediyor. \u00c7e\u015fitli b\u00f6lgelerdeki alevlenmelere m\u00fcdahale ediliyor. Rum \u0130\u00e7i\u015fleri Bakan\u0131 Nicos Nourris ise \u015fu ana kadar yap\u0131lan hasar tespit \u00e7al\u0131\u015fmalar\u0131na g\u00f6re, yang\u0131nda 7 k\u00f6yde 50 civar\u0131 evin hasar g\u00f6rd\u00fc\u011f\u00fcn\u00fc a\u00e7\u0131klad\u0131. Yang\u0131n\u0131n ba\u015flad\u0131\u011f\u0131 Limasol&#8217;a ba\u011fl\u0131 Arakapa k\u00f6y\u00fcnde ise 9 ev yanarak kullan\u0131lamaz hale geldi. Yang\u0131n s\u00f6nd\u00fcrme \u00e7al\u0131\u015fmalar\u0131 i\u00e7in Yunanistan&#8217;dan iki yang\u0131n s\u00f6nd\u00fcrme u\u00e7a\u011f\u0131 ve 25 personel daha gelerek \u00e7al\u0131\u015fmalara ba\u015flad\u0131. \u0130srail&#8217;den gelen iki yang\u0131n s\u00f6nd\u00fcrme u\u00e7a\u011f\u0131 da her olas\u0131l\u0131\u011fa kar\u015f\u0131 haz\u0131r bekletiliyor. R\u00dcZGARLA B\u00dcY\u00dcD\u00dc K\u0131br\u0131s Rum kesiminde Limasol b\u00f6lgesine ba\u011fl\u0131 Arakapas k\u00f6y\u00fc yak\u0131nlar\u0131nda d\u00fcn \u00f6\u011fle saatlerinde ba\u015flayan yang\u0131n kontrolden \u00e7\u0131km\u0131\u015ft\u0131. R\u00fczgar\u0131n da [&hellip;]<\/p>\n","protected":false},"author":7,"featured_media":11079,"comment_status":"open","ping_status":"open","sticky":false,"template":"","format":"standard","meta":{"ngg_post_thumbnail":0,"footnotes":""},"categories":[11],"tags":[2736,622],"class_list":["post-11078","post","type-post","status-publish","format-standard","has-post-thumbnail","hentry","category-dunya","tag-kibris","tag-yangin"],"_links":{"self":[{"href":"https:\/\/by-tv.co.uk\/en\/wp-json\/wp\/v2\/posts\/11078","targetHints":{"allow":["GET"]}}],"collection":[{"href":"https:\/\/by-tv.co.uk\/en\/wp-json\/wp\/v2\/posts"}],"about":[{"href":"https:\/\/by-tv.co.uk\/en\/wp-json\/wp\/v2\/types\/post"}],"author":[{"embeddable":true,"href":"https:\/\/by-tv.co.uk\/en\/wp-json\/wp\/v2\/users\/7"}],"replies":[{"embeddable":true,"href":"https:\/\/by-tv.co.uk\/en\/wp-json\/wp\/v2\/comments?post=11078"}],"version-history":[{"count":0,"href":"https:\/\/by-tv.co.uk\/en\/wp-json\/wp\/v2\/posts\/11078\/revisions"}],"wp:featuredmedia":[{"embeddable":true,"href":"https:\/\/by-tv.co.uk\/en\/wp-json\/wp\/v2\/media\/11079"}],"wp:attachment":[{"href":"https:\/\/by-tv.co.uk\/en\/wp-json\/wp\/v2\/media?parent=11078"}],"wp:term":[{"taxonomy":"category","embeddable":true,"href":"https:\/\/by-tv.co.uk\/en\/wp-json\/wp\/v2\/categories?post=11078"},{"taxonomy":"post_tag","embeddable":true,"href":"https:\/\/by-tv.co.uk\/en\/wp-json\/wp\/v2\/tags?post=11078"}],"curies":[{"name":"wp","href":"https:\/\/api.w.org\/{rel}","templated":true}]}}