{"id":11044,"date":"2021-07-03T10:39:56","date_gmt":"2021-07-03T09:39:56","guid":{"rendered":"https:\/\/by-tv.co.uk\/?p=11044"},"modified":"2021-07-03T22:24:33","modified_gmt":"2021-07-03T21:24:33","slug":"tosuncuk-turkiyeye-getiriliyor","status":"publish","type":"post","link":"https:\/\/by-tv.co.uk\/en\/tosuncuk-turkiyeye-getiriliyor\/","title":{"rendered":"&#8216;Tosuncuk&#8217; T\u00fcrkiye&#8217;ye getirildi"},"content":{"rendered":"<p><strong>\u00c7iftlik Bank<\/strong>&#8216;\u0131n kurucusu &#8220;<strong>Tosuncuk<\/strong>&#8221; lakab\u0131yla tan\u0131nan <strong>Mehmet Ayd\u0131n<\/strong>, <strong>Brezilya<\/strong>&#8216;n\u0131n Sao Paulo kentindeki Guarulhos Uluslararas\u0131 Havaliman\u0131&#8217;ndan <strong>T\u00fcrkiye<\/strong> saati ile 09.40&#8217;ta havalanan THY u\u00e7a\u011f\u0131yla saat 22.30&#8217;da \u0130stanbul Havaliman\u0131 getirildi.<\/p>\n<p>Burada Mali Su\u00e7larla M\u00fccadele \u015eube M\u00fcd\u00fcrl\u00fc\u011f\u00fc ekiplerince g\u00f6zalt\u0131na al\u0131nan Ayd\u0131n, sa\u011fl\u0131k kontrol\u00fcnden ge\u00e7irildi.<\/p>\n<p>Ayd\u0131n, Gaziosmanpa\u015fa Adliyesi&#8217;nin ek hizmet binas\u0131 olarak faaliyet y\u00fcr\u00fcten \u0130stanbul Havaliman\u0131 Adliyesi&#8217;nde savc\u0131ya ifade verecek olan Ayd\u0131n, buradaki i\u015flemlerin ard\u0131ndan \u0130stanbul Emniyet M\u00fcd\u00fcrl\u00fc\u011f\u00fc&#8217;ne g\u00f6t\u00fcr\u00fclecek.<\/p><div id=\"briti-1954801740\" class=\"briti-icerik\" style=\"margin-top: 5px;margin-bottom: 5px;\"><a href=\"https:\/\/piaryum.com\/services\/\" aria-label=\"piaryum banner\"><img loading=\"lazy\" decoding=\"async\" src=\"https:\/\/by-tv.co.uk\/wp-content\/uploads\/2025\/12\/Gemini_Generated_Image_g5yqr1g5yqr1g5yq.jpg\" alt=\"\"  width=\"2064\" height=\"1152\"   \/><\/a><\/div>\n<p>Hakk\u0131nda 4 g\u00fcn g\u00f6zalt\u0131 s\u00fcresi verilen Ayd\u0131n, emniyetteki s\u00fcrecin tamamlanmas\u0131ndan sonra \u0130stanbul Anadolu Adliyesine sevk edilecek.<\/p>\n<p>Mehmet Ayd\u0131n, hakk\u0131nda devam eden soru\u015fturma ve daha \u00f6nce a\u00e7\u0131lan kamu davalar\u0131 kapsam\u0131nda \u0130stanbul Havaliman\u0131&#8217;nda g\u00f6zalt\u0131na al\u0131nd\u0131.<\/p>\n<p><strong>1 TEMMUZ\u2019DA TESL\u0130M OLDU<\/strong><\/p>\n<p>Sao Paulo&#8217;daki T\u00fcrk Konsoloslu\u011funa teslim olan, &#8220;\u00c7iftlik Bank&#8221; olarak bilinen sistemin kurucusu ve 2 y\u0131ldan fazla s\u00fcredir firari olan Mehmet Ayd\u0131n, 3 bin 762 ki\u015finin ma\u011fdur oldu\u011fu davada 22 bin 580 y\u0131ldan 75 bin 260 y\u0131la kadar hapisle yarg\u0131lan\u0131yor.<\/p>\n<p>Mehmet Ayd\u0131n hakk\u0131nda \u0130stanbul Anadolu Cumhuriyet Ba\u015fsavc\u0131l\u0131\u011f\u0131 ile Bursa ve Geyve cumhuriyet ba\u015fsavc\u0131l\u0131klar\u0131nda devam eden soru\u015fturma ve kovu\u015fturma dosyalar\u0131 bulunuyor. Ayd\u0131n hakk\u0131nda ilk K\u0131rm\u0131z\u0131 B\u00fclten 19 Mart 2018\u2019de yakalama karar\u0131na istinaden \u00e7\u0131kar\u0131lm\u0131\u015ft\u0131.<\/p>\n<p>Adalet Bakanl\u0131\u011f\u0131nca bug\u00fcne kadar Mehmet Ayd\u0131n\u2019\u0131n g\u00f6r\u00fcld\u00fc\u011f\u00fc iddia edilen her \u00fclkeyle adli i\u015f birli\u011fi \u00e7er\u00e7evesinde temasa ge\u00e7ilirken, Uruguay, Brezilya, Panama, Honduras, Kanada ve Ukrayna adli makamlar\u0131yla yaz\u0131\u015fmalar yap\u0131ld\u0131.<\/p>\n<p>Firari Ayd\u0131n&#8217;\u0131n Brezilya\u2019da oldu\u011fu y\u00f6n\u00fcndeki duyum \u00fczerine 2018 y\u0131l\u0131 haziran ay\u0131nda Brezilya&#8217;dan iadesi istendi. Yarg\u0131 kararlar\u0131n\u0131 i\u00e7eren Adalet Bakanl\u0131\u011f\u0131n\u0131n iade talebi son olarak \u015eubat 2021&#8217;de bir kez daha Brezilya\u2019ya hat\u0131rlat\u0131larak iade talebi yinelendi.<\/p>\n<p><strong>YAKALAMA KARARLARI<\/strong><\/p>\n<p>Ayd\u0131n hakk\u0131nda \u0130stanbul Anadolu 6. A\u011f\u0131r Ceza Mahkemesinde dava a\u00e7\u0131lm\u0131\u015ft\u0131. Ayd\u0131n, &#8220;Bili\u015fim Sistemleri ve Banka veya Kredi Kurumlar\u0131n\u0131n Ara\u00e7 Olarak Kullan\u0131lmas\u0131&#8221; su\u00e7undan \u0130stanbul Anadolu 6. A\u011f\u0131r Ceza Mahkemesinin 7 Nisan 2021, &#8220;Tehdit&#8221; su\u00e7undan Bursa 19. Asliye Ceza Mahkemesinin 8 \u015eubat 2021, &#8220;Bankac\u0131l\u0131k Kanunu&#8217;na Muhalefet&#8221; su\u00e7undan \u0130stanbul Anadolu 57. Asliye Ceza Mahkemesinin 6 Haziran 2018, &#8220;Tacir veya \u015eirket Y\u00f6neticileri ile Kooperatif Y\u00f6neticilerinin Doland\u0131r\u0131c\u0131l\u0131\u011f\u0131&#8221;, &#8220;Su\u00e7tan Kaynaklanan Malvarl\u0131\u011f\u0131 De\u011ferlerini Aklama&#8221;, &#8220;Bili\u015fim Sistemleri, Banka veya Kredi Kurumlar\u0131n\u0131n Ara\u00e7 Olarak Kullan\u0131lmas\u0131 Suretiyle Doland\u0131r\u0131c\u0131l\u0131k&#8221;, &#8220;Su\u00e7 \u0130\u015flemek Amac\u0131yla \u00d6rg\u00fct Kurma&#8221; su\u00e7lar\u0131 kapsam\u0131nda Geyve Sulh Ceza Hakimli\u011finin 19 Mart 2018 tarihli yakalama kararlar\u0131na istinaden K\u0131rm\u0131z\u0131 B\u00fcltenle uluslararas\u0131 seviyede aran\u0131yordu.<\/p>\n<p><strong>B\u0130NLERCE K\u0130\u015e\u0130Y\u0130 DOLANDIRDI<\/strong><\/p>\n<p>Mehmet Ayd\u0131n, S\u00f6zc\u00fc gazetesine yapt\u0131\u011f\u0131 a\u00e7\u0131klamada ma\u011fdur oldu\u011funu savunarak, &#8220;H\u00fcr irademle T\u00fcrk yarg\u0131s\u0131na teslim olaca\u011f\u0131m\u201d demi\u015fti.<\/p>\n<p>2016 y\u0131l\u0131nda kurulan \u00c7iftlik Bank, 77 bin 843 ki\u015fiden 512 milyon TL toplam\u0131\u015ft\u0131. 62 bin ki\u015fiye yakla\u015f\u0131k 400 milyon TL \u00f6deme yap\u0131lm\u0131\u015f, kalan 113,4 milyon TL ise KKTC\u2019deki Fame Game isimli \u015firkete aktar\u0131lm\u0131\u015ft\u0131.<\/p>\n<p>Para oradan da \u00c7iftlik Bank&#8217;\u0131n CEO&#8217;su ve kurucusu Mehmet Ayd\u0131n&#8217;\u0131n hesab\u0131na aktar\u0131lm\u0131\u015ft\u0131. Doland\u0131r\u0131c\u0131l\u0131k iddialar\u0131n\u0131n ard\u0131ndan Mehme Ayd\u0131n kay\u0131plara kar\u0131\u015fm\u0131\u015ft\u0131.<\/p>\n<div id=\"briti-1908902985\" class=\"briti-icerikten-sonra_2\" style=\"margin-top: 25px;margin-bottom: 25px;\"><a href=\"https:\/\/wa.me\/message\/NDZLLIOQT4H3O1\" aria-label=\"bytv reklam banner\"><img loading=\"lazy\" decoding=\"async\" src=\"https:\/\/by-tv.co.uk\/wp-content\/uploads\/2025\/12\/bytv-reklam-banner.jpg\" alt=\"\"  width=\"2376\" height=\"1008\"   \/><\/a><\/div>","protected":false},"excerpt":{"rendered":"<p>\u00c7iftlik Bank&#8216;\u0131n kurucusu &#8220;Tosuncuk&#8221; lakab\u0131yla tan\u0131nan Mehmet Ayd\u0131n, Brezilya&#8216;n\u0131n Sao Paulo kentindeki Guarulhos Uluslararas\u0131 Havaliman\u0131&#8217;ndan T\u00fcrkiye saati ile 09.40&#8217;ta havalanan THY u\u00e7a\u011f\u0131yla saat 22.30&#8217;da \u0130stanbul Havaliman\u0131 getirildi. Burada Mali Su\u00e7larla M\u00fccadele \u015eube M\u00fcd\u00fcrl\u00fc\u011f\u00fc ekiplerince g\u00f6zalt\u0131na al\u0131nan Ayd\u0131n, sa\u011fl\u0131k kontrol\u00fcnden ge\u00e7irildi. Ayd\u0131n, Gaziosmanpa\u015fa Adliyesi&#8217;nin ek hizmet binas\u0131 olarak faaliyet y\u00fcr\u00fcten \u0130stanbul Havaliman\u0131 Adliyesi&#8217;nde savc\u0131ya ifade verecek olan Ayd\u0131n, buradaki i\u015flemlerin ard\u0131ndan \u0130stanbul Emniyet M\u00fcd\u00fcrl\u00fc\u011f\u00fc&#8217;ne g\u00f6t\u00fcr\u00fclecek. Hakk\u0131nda 4 g\u00fcn g\u00f6zalt\u0131 s\u00fcresi verilen Ayd\u0131n, emniyetteki s\u00fcrecin tamamlanmas\u0131ndan sonra \u0130stanbul Anadolu Adliyesine sevk edilecek. Mehmet Ayd\u0131n, hakk\u0131nda devam eden soru\u015fturma ve daha \u00f6nce a\u00e7\u0131lan kamu davalar\u0131 kapsam\u0131nda \u0130stanbul Havaliman\u0131&#8217;nda g\u00f6zalt\u0131na al\u0131nd\u0131. 1 TEMMUZ\u2019DA TESL\u0130M [&hellip;]<\/p>\n","protected":false},"author":7,"featured_media":0,"comment_status":"open","ping_status":"open","sticky":false,"template":"","format":"standard","meta":{"ngg_post_thumbnail":0,"footnotes":""},"categories":[1292],"tags":[3147,3472,3473,144],"class_list":["post-11044","post","type-post","status-publish","format-standard","hentry","category-turkiye","tag-brezilya","tag-ciftlik-bank","tag-mehmet-aydin","tag-turkiye"],"_links":{"self":[{"href":"https:\/\/by-tv.co.uk\/en\/wp-json\/wp\/v2\/posts\/11044","targetHints":{"allow":["GET"]}}],"collection":[{"href":"https:\/\/by-tv.co.uk\/en\/wp-json\/wp\/v2\/posts"}],"about":[{"href":"https:\/\/by-tv.co.uk\/en\/wp-json\/wp\/v2\/types\/post"}],"author":[{"embeddable":true,"href":"https:\/\/by-tv.co.uk\/en\/wp-json\/wp\/v2\/users\/7"}],"replies":[{"embeddable":true,"href":"https:\/\/by-tv.co.uk\/en\/wp-json\/wp\/v2\/comments?post=11044"}],"version-history":[{"count":0,"href":"https:\/\/by-tv.co.uk\/en\/wp-json\/wp\/v2\/posts\/11044\/revisions"}],"wp:attachment":[{"href":"https:\/\/by-tv.co.uk\/en\/wp-json\/wp\/v2\/media?parent=11044"}],"wp:term":[{"taxonomy":"category","embeddable":true,"href":"https:\/\/by-tv.co.uk\/en\/wp-json\/wp\/v2\/categories?post=11044"},{"taxonomy":"post_tag","embeddable":true,"href":"https:\/\/by-tv.co.uk\/en\/wp-json\/wp\/v2\/tags?post=11044"}],"curies":[{"name":"wp","href":"https:\/\/api.w.org\/{rel}","templated":true}]}}