{"id":10998,"date":"2021-07-01T17:49:30","date_gmt":"2021-07-01T16:49:30","guid":{"rendered":"https:\/\/by-tv.co.uk\/?p=10998"},"modified":"2021-07-01T17:49:30","modified_gmt":"2021-07-01T16:49:30","slug":"ingiliz-taraftarlar-stada-alinmayacak","status":"publish","type":"post","link":"https:\/\/by-tv.co.uk\/en\/ingiliz-taraftarlar-stada-alinmayacak\/","title":{"rendered":"\u0130ngiliz taraftarlar stada al\u0131nmayacak"},"content":{"rendered":"<p><strong>Avrupa Futbol \u015eampiyonas\u0131<\/strong> (<strong>EURO 2020<\/strong>) \u00e7eyrek finalinde cumartesi g\u00fcn\u00fc <strong>\u0130ngiltere<\/strong> ile <strong>Ukrayna<\/strong>,<strong> \u0130talya<\/strong>\u2019n\u0131n ba\u015fkenti <strong>Roma\u2019<\/strong>da kar\u015f\u0131 kar\u015f\u0131ya gelecek.<\/p>\n<p>\u0130talya, ma\u00e7 i\u00e7in \u0130ngiltere\u2019den gelecek taraftarlar\u0131n <strong>Covid-19<\/strong> \u00f6nlemleri nedeniyle stada al\u0131nmayaca\u011f\u0131 a\u00e7\u0131kland\u0131.<\/p>\n<p>\u0130talya\u2019n\u0131n Londra B\u00fcy\u00fckel\u00e7ili\u011fi\u2019nden yap\u0131lan a\u00e7\u0131klamada \u015fu ifadeler kullan\u0131ld\u0131: \u201cSon 14 g\u00fcn i\u00e7inde \u0130ngiltere\u2019de olanlar, hangi \u00fclke vatanda\u015f\u0131 olup olmad\u0131klar\u0131na bak\u0131lmaks\u0131z\u0131n, biletleri olsa bile stada al\u0131nmayacak. Sadece en az\u0131ndan 6 g\u00fcnd\u00fcr \u0130talya\u2019da bulunan ve 5 g\u00fcn karantina kural\u0131na uyup, bunun ard\u0131ndan testini yapt\u0131r\u0131p sonucu negatif \u00e7\u0131kanlar\u0131n stada giri\u015fine izin verilecek.\u201d<\/p><div id=\"briti-732001494\" class=\"briti-icerik\" style=\"margin-top: 5px;margin-bottom: 5px;\"><a href=\"https:\/\/piaryum.com\/services\/\" aria-label=\"piaryum banner\"><img loading=\"lazy\" decoding=\"async\" src=\"https:\/\/by-tv.co.uk\/wp-content\/uploads\/2025\/12\/Gemini_Generated_Image_g5yqr1g5yqr1g5yq.jpg\" alt=\"\"  width=\"2064\" height=\"1152\"   \/><\/a><\/div>\n<p>\u015eampiyonlar Ligi finalinde Chelsea ile Manchester City, Portekiz\u2019in Porta kentinde kar\u015f\u0131la\u015fm\u0131\u015ft\u0131. Ma\u00e7\u0131 1-0 kazanan Chelsea, kupay\u0131 m\u00fczesine g\u00f6t\u00fcrm\u00fc\u015ft\u00fc.<\/p>\n<p>Delta varyant\u0131n\u0131n etkili oldu\u011fu \u0130ngiltere\u2019den gelen taraftarlar, Portekiz\u2019de vaka say\u0131lar\u0131n\u0131n artmas\u0131na neden olmu\u015ftu.<\/p>\n<div id=\"briti-2974708271\" class=\"briti-icerikten-sonra_2\" style=\"margin-top: 25px;margin-bottom: 25px;\"><a href=\"https:\/\/wa.me\/message\/NDZLLIOQT4H3O1\" aria-label=\"bytv reklam banner\"><img loading=\"lazy\" decoding=\"async\" src=\"https:\/\/by-tv.co.uk\/wp-content\/uploads\/2025\/12\/bytv-reklam-banner.jpg\" alt=\"\"  width=\"2376\" height=\"1008\"   \/><\/a><\/div>","protected":false},"excerpt":{"rendered":"<p>Avrupa Futbol \u015eampiyonas\u0131 (EURO 2020) \u00e7eyrek finalinde cumartesi g\u00fcn\u00fc \u0130ngiltere ile Ukrayna, \u0130talya\u2019n\u0131n ba\u015fkenti Roma\u2019da kar\u015f\u0131 kar\u015f\u0131ya gelecek. \u0130talya, ma\u00e7 i\u00e7in \u0130ngiltere\u2019den gelecek taraftarlar\u0131n Covid-19 \u00f6nlemleri nedeniyle stada al\u0131nmayaca\u011f\u0131 a\u00e7\u0131kland\u0131. \u0130talya\u2019n\u0131n Londra B\u00fcy\u00fckel\u00e7ili\u011fi\u2019nden yap\u0131lan a\u00e7\u0131klamada \u015fu ifadeler kullan\u0131ld\u0131: \u201cSon 14 g\u00fcn i\u00e7inde \u0130ngiltere\u2019de olanlar, hangi \u00fclke vatanda\u015f\u0131 olup olmad\u0131klar\u0131na bak\u0131lmaks\u0131z\u0131n, biletleri olsa bile stada al\u0131nmayacak. Sadece en az\u0131ndan 6 g\u00fcnd\u00fcr \u0130talya\u2019da bulunan ve 5 g\u00fcn karantina kural\u0131na uyup, bunun ard\u0131ndan testini yapt\u0131r\u0131p sonucu negatif \u00e7\u0131kanlar\u0131n stada giri\u015fine izin verilecek.\u201d \u015eampiyonlar Ligi finalinde Chelsea ile Manchester City, Portekiz\u2019in Porta kentinde kar\u015f\u0131la\u015fm\u0131\u015ft\u0131. Ma\u00e7\u0131 1-0 kazanan Chelsea, kupay\u0131 m\u00fczesine g\u00f6t\u00fcrm\u00fc\u015ft\u00fc. Delta varyant\u0131n\u0131n etkili [&hellip;]<\/p>\n","protected":false},"author":7,"featured_media":0,"comment_status":"open","ping_status":"open","sticky":false,"template":"","format":"standard","meta":{"ngg_post_thumbnail":0,"footnotes":""},"categories":[15],"tags":[3458,3226,149,3254],"class_list":["post-10998","post","type-post","status-publish","format-standard","hentry","category-ingiltere","tag-ceyrek-final","tag-euro-2020","tag-ingiltere","tag-roma"],"_links":{"self":[{"href":"https:\/\/by-tv.co.uk\/en\/wp-json\/wp\/v2\/posts\/10998","targetHints":{"allow":["GET"]}}],"collection":[{"href":"https:\/\/by-tv.co.uk\/en\/wp-json\/wp\/v2\/posts"}],"about":[{"href":"https:\/\/by-tv.co.uk\/en\/wp-json\/wp\/v2\/types\/post"}],"author":[{"embeddable":true,"href":"https:\/\/by-tv.co.uk\/en\/wp-json\/wp\/v2\/users\/7"}],"replies":[{"embeddable":true,"href":"https:\/\/by-tv.co.uk\/en\/wp-json\/wp\/v2\/comments?post=10998"}],"version-history":[{"count":0,"href":"https:\/\/by-tv.co.uk\/en\/wp-json\/wp\/v2\/posts\/10998\/revisions"}],"wp:attachment":[{"href":"https:\/\/by-tv.co.uk\/en\/wp-json\/wp\/v2\/media?parent=10998"}],"wp:term":[{"taxonomy":"category","embeddable":true,"href":"https:\/\/by-tv.co.uk\/en\/wp-json\/wp\/v2\/categories?post=10998"},{"taxonomy":"post_tag","embeddable":true,"href":"https:\/\/by-tv.co.uk\/en\/wp-json\/wp\/v2\/tags?post=10998"}],"curies":[{"name":"wp","href":"https:\/\/api.w.org\/{rel}","templated":true}]}}