{"id":10914,"date":"2021-06-29T17:14:59","date_gmt":"2021-06-29T16:14:59","guid":{"rendered":"https:\/\/by-tv.co.uk\/?p=10914"},"modified":"2021-06-29T17:14:59","modified_gmt":"2021-06-29T16:14:59","slug":"cbi-gocmenlik-kurallarini-gevsetin","status":"publish","type":"post","link":"https:\/\/by-tv.co.uk\/en\/cbi-gocmenlik-kurallarini-gevsetin\/","title":{"rendered":"CBI: G\u00f6\u00e7menlik kurallar\u0131n\u0131 gev\u015fetin"},"content":{"rendered":"<p>\u0130ngiliz Sanayi Konfederasyonu (CBI), h\u00fck\u00fcmetten personel s\u0131k\u0131nt\u0131s\u0131yla bo\u011fu\u015fan \u015firketlere yard\u0131mc\u0131 olmak i\u00e7in Brexit sonras\u0131 g\u00f6\u00e7menlik kurallar\u0131n\u0131 gev\u015fetmesini istedi.<\/p>\n<p>CBI, harekete ge\u00e7memenin \u0130ngiltere&#8217;nin Covid krizinden ekonomik toparlanmas\u0131n\u0131 riske ataca\u011f\u0131 konusunda uyard\u0131. \u0130ngiltere&#8217;nin en b\u00fcy\u00fck i\u015f lobisi grubu, bakanlar\u0131n &#8220;eksiklik duyulan \u00e7al\u0131\u015fan listesini&#8221; i\u015fverenlerin personel almakta zorland\u0131\u011f\u0131 alanlar\u0131 i\u00e7erecek \u015fekilde h\u0131zla g\u00fcncellemeleri gerekti\u011fini s\u00f6yledi. Kasaplar, duvarc\u0131lar ve kaynak\u00e7\u0131lar aranan \u00e7al\u0131\u015fanlar aras\u0131nda.<\/p>\n<blockquote class=\"twitter-tweet\">\n<p dir=\"ltr\" lang=\"en\">Staff shortages are increasing, and I&#8217;ll be speaking more about how business &amp; government can tackle this pressing issue together <a href=\"https:\/\/twitter.com\/RECmembers?ref_src=twsrc%5Etfw\" target=\"_blank\" rel=\"noopener\">@RECmembers<\/a>. Meanwhile, read the CBI&#8217;s plan to tackle shortages here: <a href=\"https:\/\/t.co\/ouARFzGkEK\">https:\/\/t.co\/ouARFzGkEK<\/a> and a piece from <a href=\"https:\/\/twitter.com\/RJPartington?ref_src=twsrc%5Etfw\" target=\"_blank\" rel=\"noopener\">@RJPartington<\/a> <a href=\"https:\/\/t.co\/2RrjEi25tu\">https:\/\/t.co\/2RrjEi25tu<\/a><\/p>\n<p>\u2014 Lord Karan Bilimoria (@Lord_Bilimoria) <a href=\"https:\/\/twitter.com\/Lord_Bilimoria\/status\/1409782533429071872?ref_src=twsrc%5Etfw\" target=\"_blank\" rel=\"noopener\">June 29, 2021<\/a><\/p><\/blockquote>\n<p><script async=\"\" src=\"https:\/\/platform.twitter.com\/widgets.js\" charset=\"utf-8\"><\/script><br \/>\nThe Guardian&#8217;\u0131n haberine g\u00f6re, her b\u00fcy\u00fckl\u00fckten ve sekt\u00f6rden 190.000 firma ad\u0131na konu\u015fan \u00fclkenin \u00f6nde gelen i\u015f lobisi grubu, i\u015fverenlerin yerel i\u015fg\u00fcc\u00fcn\u00fcn becerilerine yat\u0131r\u0131m yaparak ve i\u015f arayanlara bir \u015fans vererek i\u015fg\u00fcc\u00fc a\u00e7\u0131\u011f\u0131n\u0131 gidermek i\u00e7in daha fazla sorumluluk almalar\u0131 gerekti\u011fini s\u00f6yledi.&nbsp;<\/p><div id=\"briti-3494438857\" class=\"briti-icerik\" style=\"margin-top: 5px;margin-bottom: 5px;\"><a href=\"https:\/\/piaryum.com\/services\/\" aria-label=\"piaryum banner\"><img loading=\"lazy\" decoding=\"async\" src=\"https:\/\/by-tv.co.uk\/wp-content\/uploads\/2025\/12\/Gemini_Generated_Image_g5yqr1g5yqr1g5yq.jpg\" alt=\"\"  width=\"2064\" height=\"1152\"   \/><\/a><\/div>\n<p>&nbsp;<\/p>\n<div id=\"briti-852891861\" class=\"briti-icerikten-sonra_2\" style=\"margin-top: 25px;margin-bottom: 25px;\"><a href=\"https:\/\/wa.me\/message\/NDZLLIOQT4H3O1\" aria-label=\"bytv reklam banner\"><img loading=\"lazy\" decoding=\"async\" src=\"https:\/\/by-tv.co.uk\/wp-content\/uploads\/2025\/12\/bytv-reklam-banner.jpg\" alt=\"\"  width=\"2376\" height=\"1008\"   \/><\/a><\/div>","protected":false},"excerpt":{"rendered":"<p>\u0130ngiliz Sanayi Konfederasyonu (CBI), h\u00fck\u00fcmetten personel s\u0131k\u0131nt\u0131s\u0131yla bo\u011fu\u015fan \u015firketlere yard\u0131mc\u0131 olmak i\u00e7in Brexit sonras\u0131 g\u00f6\u00e7menlik kurallar\u0131n\u0131 gev\u015fetmesini istedi. CBI, harekete ge\u00e7memenin \u0130ngiltere&#8217;nin Covid krizinden ekonomik toparlanmas\u0131n\u0131 riske ataca\u011f\u0131 konusunda uyard\u0131. \u0130ngiltere&#8217;nin en b\u00fcy\u00fck i\u015f lobisi grubu, bakanlar\u0131n &#8220;eksiklik duyulan \u00e7al\u0131\u015fan listesini&#8221; i\u015fverenlerin personel almakta zorland\u0131\u011f\u0131 alanlar\u0131 i\u00e7erecek \u015fekilde h\u0131zla g\u00fcncellemeleri gerekti\u011fini s\u00f6yledi. Kasaplar, duvarc\u0131lar ve kaynak\u00e7\u0131lar aranan \u00e7al\u0131\u015fanlar aras\u0131nda. Staff shortages are increasing, and I&#8217;ll be speaking more about how business &amp; government can tackle this pressing issue together @RECmembers. Meanwhile, read the CBI&#8217;s plan to tackle shortages here: https:\/\/t.co\/ouARFzGkEK and a piece from @RJPartington https:\/\/t.co\/2RrjEi25tu \u2014 Lord Karan Bilimoria [&hellip;]<\/p>\n","protected":false},"author":1,"featured_media":0,"comment_status":"open","ping_status":"open","sticky":false,"template":"","format":"standard","meta":{"ngg_post_thumbnail":0,"footnotes":""},"categories":[15],"tags":[],"class_list":["post-10914","post","type-post","status-publish","format-standard","hentry","category-ingiltere"],"_links":{"self":[{"href":"https:\/\/by-tv.co.uk\/en\/wp-json\/wp\/v2\/posts\/10914","targetHints":{"allow":["GET"]}}],"collection":[{"href":"https:\/\/by-tv.co.uk\/en\/wp-json\/wp\/v2\/posts"}],"about":[{"href":"https:\/\/by-tv.co.uk\/en\/wp-json\/wp\/v2\/types\/post"}],"author":[{"embeddable":true,"href":"https:\/\/by-tv.co.uk\/en\/wp-json\/wp\/v2\/users\/1"}],"replies":[{"embeddable":true,"href":"https:\/\/by-tv.co.uk\/en\/wp-json\/wp\/v2\/comments?post=10914"}],"version-history":[{"count":0,"href":"https:\/\/by-tv.co.uk\/en\/wp-json\/wp\/v2\/posts\/10914\/revisions"}],"wp:attachment":[{"href":"https:\/\/by-tv.co.uk\/en\/wp-json\/wp\/v2\/media?parent=10914"}],"wp:term":[{"taxonomy":"category","embeddable":true,"href":"https:\/\/by-tv.co.uk\/en\/wp-json\/wp\/v2\/categories?post=10914"},{"taxonomy":"post_tag","embeddable":true,"href":"https:\/\/by-tv.co.uk\/en\/wp-json\/wp\/v2\/tags?post=10914"}],"curies":[{"name":"wp","href":"https:\/\/api.w.org\/{rel}","templated":true}]}}