{"id":10878,"date":"2021-06-28T18:09:44","date_gmt":"2021-06-28T17:09:44","guid":{"rendered":"https:\/\/by-tv.co.uk\/?p=10878"},"modified":"2021-06-28T18:09:44","modified_gmt":"2021-06-28T17:09:44","slug":"149-gunun-en-yuksek-vaka-sayisi","status":"publish","type":"post","link":"https:\/\/by-tv.co.uk\/en\/149-gunun-en-yuksek-vaka-sayisi\/","title":{"rendered":"149 g\u00fcn\u00fcn en y\u00fcksek vaka say\u0131s\u0131"},"content":{"rendered":"<p><strong>\u0130ngiltere<\/strong> Sa\u011fl\u0131k Bakanl\u0131\u011f\u0131ndan yap\u0131lan a\u00e7\u0131klamaya g\u00f6re, <strong>Covid-19<\/strong> vir\u00fcs\u00fc nedeniyle hayat\u0131n\u0131 kaybedenlerin say\u0131s\u0131 son 24 saatte 3 artarak 128 bin 103&#8217;e y\u00fckseldi.<\/p>\n<p>Son 24 saatte 22 bin 868 yeni vaka tespit edildi. Bu say\u0131, 23 bin 275 vakan\u0131n saptand\u0131\u011f\u0131 30 Ocak&#8217;tan bu yana g\u00f6r\u00fclen en y\u00fcksek g\u00fcnl\u00fck rakam oldu. Toplam vaka say\u0131s\u0131 ise 4 milyon 755 bin 78&#8217;e \u00e7\u0131kt\u0131.<\/p>\n<p>A\u015f\u0131lama program\u0131na 8 Aral\u0131k 2020&#8217;de ba\u015flayan \u00fclkede<strong> Corona vir\u00fcs<\/strong> a\u015f\u0131s\u0131n\u0131n ilk dozunu yapt\u0131ranlar\u0131n say\u0131s\u0131 44 milyon 454 bin 511&#8217;e ula\u015f\u0131rken, bunlardan 32 milyon 583 bin 746&#8217;s\u0131na ikinci dozu a\u015f\u0131 yap\u0131ld\u0131.<\/p><div id=\"briti-4060069809\" class=\"briti-icerik\" style=\"margin-top: 5px;margin-bottom: 5px;\"><a href=\"https:\/\/piaryum.com\/services\/\" aria-label=\"piaryum banner\"><img loading=\"lazy\" decoding=\"async\" src=\"https:\/\/by-tv.co.uk\/wp-content\/uploads\/2025\/12\/Gemini_Generated_Image_g5yqr1g5yqr1g5yq.jpg\" alt=\"\"  width=\"2064\" height=\"1152\"   \/><\/a><\/div>\n<p>\u00dclkede vir\u00fcs nedeniyle 1505 ki\u015finin hastanelerde tedavisi s\u00fcr\u00fcyor, bunlardan 257&#8217;si yo\u011fun bak\u0131mda bulunuyor.<\/p>\n<p>\u0130ngiltere Halk Sa\u011fl\u0131\u011f\u0131 Kurumu, ilk olarak Hindistan&#8217;da g\u00f6r\u00fclen &#8220;Delta&#8221; varyant\u0131n\u0131n, &#8220;Alfa&#8221; (\u0130ngiltere) varyant\u0131n\u0131 geride b\u0131rakarak \u00fclkede en bask\u0131n t\u00fcr haline geldi\u011fini duyurmu\u015ftu.<\/p>\n<div id=\"briti-1796200976\" class=\"briti-icerikten-sonra_2\" style=\"margin-top: 25px;margin-bottom: 25px;\"><a href=\"https:\/\/wa.me\/message\/NDZLLIOQT4H3O1\" aria-label=\"bytv reklam banner\"><img loading=\"lazy\" decoding=\"async\" src=\"https:\/\/by-tv.co.uk\/wp-content\/uploads\/2025\/12\/bytv-reklam-banner.jpg\" alt=\"\"  width=\"2376\" height=\"1008\"   \/><\/a><\/div>","protected":false},"excerpt":{"rendered":"<p>\u0130ngiltere Sa\u011fl\u0131k Bakanl\u0131\u011f\u0131ndan yap\u0131lan a\u00e7\u0131klamaya g\u00f6re, Covid-19 vir\u00fcs\u00fc nedeniyle hayat\u0131n\u0131 kaybedenlerin say\u0131s\u0131 son 24 saatte 3 artarak 128 bin 103&#8217;e y\u00fckseldi. Son 24 saatte 22 bin 868 yeni vaka tespit edildi. Bu say\u0131, 23 bin 275 vakan\u0131n saptand\u0131\u011f\u0131 30 Ocak&#8217;tan bu yana g\u00f6r\u00fclen en y\u00fcksek g\u00fcnl\u00fck rakam oldu. Toplam vaka say\u0131s\u0131 ise 4 milyon 755 bin 78&#8217;e \u00e7\u0131kt\u0131. A\u015f\u0131lama program\u0131na 8 Aral\u0131k 2020&#8217;de ba\u015flayan \u00fclkede Corona vir\u00fcs a\u015f\u0131s\u0131n\u0131n ilk dozunu yapt\u0131ranlar\u0131n say\u0131s\u0131 44 milyon 454 bin 511&#8217;e ula\u015f\u0131rken, bunlardan 32 milyon 583 bin 746&#8217;s\u0131na ikinci dozu a\u015f\u0131 yap\u0131ld\u0131. \u00dclkede vir\u00fcs nedeniyle 1505 ki\u015finin hastanelerde tedavisi s\u00fcr\u00fcyor, bunlardan 257&#8217;si yo\u011fun bak\u0131mda [&hellip;]<\/p>\n","protected":false},"author":7,"featured_media":0,"comment_status":"open","ping_status":"open","sticky":false,"template":"","format":"standard","meta":{"ngg_post_thumbnail":0,"footnotes":""},"categories":[15],"tags":[991,859,808,149,2960],"class_list":["post-10878","post","type-post","status-publish","format-standard","hentry","category-ingiltere","tag-asi","tag-corona-virus","tag-covid-19","tag-ingiltere","tag-vaka"],"_links":{"self":[{"href":"https:\/\/by-tv.co.uk\/en\/wp-json\/wp\/v2\/posts\/10878","targetHints":{"allow":["GET"]}}],"collection":[{"href":"https:\/\/by-tv.co.uk\/en\/wp-json\/wp\/v2\/posts"}],"about":[{"href":"https:\/\/by-tv.co.uk\/en\/wp-json\/wp\/v2\/types\/post"}],"author":[{"embeddable":true,"href":"https:\/\/by-tv.co.uk\/en\/wp-json\/wp\/v2\/users\/7"}],"replies":[{"embeddable":true,"href":"https:\/\/by-tv.co.uk\/en\/wp-json\/wp\/v2\/comments?post=10878"}],"version-history":[{"count":0,"href":"https:\/\/by-tv.co.uk\/en\/wp-json\/wp\/v2\/posts\/10878\/revisions"}],"wp:attachment":[{"href":"https:\/\/by-tv.co.uk\/en\/wp-json\/wp\/v2\/media?parent=10878"}],"wp:term":[{"taxonomy":"category","embeddable":true,"href":"https:\/\/by-tv.co.uk\/en\/wp-json\/wp\/v2\/categories?post=10878"},{"taxonomy":"post_tag","embeddable":true,"href":"https:\/\/by-tv.co.uk\/en\/wp-json\/wp\/v2\/tags?post=10878"}],"curies":[{"name":"wp","href":"https:\/\/api.w.org\/{rel}","templated":true}]}}