{"id":10869,"date":"2021-06-28T17:38:11","date_gmt":"2021-06-28T16:38:11","guid":{"rendered":"https:\/\/by-tv.co.uk\/?p=10869"},"modified":"2021-06-28T17:38:11","modified_gmt":"2021-06-28T16:38:11","slug":"yildizlarin-olustugu-tarih-belli-oldu","status":"publish","type":"post","link":"https:\/\/by-tv.co.uk\/en\/yildizlarin-olustugu-tarih-belli-oldu\/","title":{"rendered":"Y\u0131ld\u0131zlar\u0131n olu\u015ftu\u011fu tarih belli oldu"},"content":{"rendered":"<p><strong>Kraliyet Astronomi Toplulu\u011fu<\/strong>&#8216;nun ayl\u0131k bildirimlerinde yay\u0131mlanan sonu\u00e7lara g\u00f6re, yap\u0131lan \u00e7al\u0131\u015fmalarda<strong> y\u0131ld\u0131z<\/strong>lar\u0131n ilk kez B\u00fcy\u00fck Patlama&#8217;dan 250 ila 350 milyon y\u0131l sonra &#8220;kozmik \u015fafak&#8221; olarak bilinen olayda do\u011fdu\u011fu anla\u015f\u0131ld\u0131.<\/p>\n<p>\u00c7ok uzun zamand\u0131r kozmik \u015fafa\u011f\u0131n ne zaman ba\u015flad\u0131\u011f\u0131 \u00fczerine ara\u015ft\u0131rmalar yapan <strong>University College London<\/strong>&#8216;dan Prof Richard Ellis, BBC&#8217;ye yapt\u0131\u011f\u0131 a\u00e7\u0131klamada, &#8220;Evrenin ilk kez ne zaman y\u0131ld\u0131z \u0131\u015f\u0131\u011f\u0131yla y\u0131kand\u0131\u011f\u0131na dair ilk ikna edici kan\u0131t sahibiz&#8221; diye konu\u015ftu.<\/p>\n<p>Bilim insanlar\u0131 \u00e7al\u0131\u015fmada en uzak 6 galaksiyi inceledi. Galaksiler, uzakl\u0131klar\u0131 sebebiyle d\u00fcnyan\u0131n en g\u00fc\u00e7l\u00fc teleskoplar\u0131yla bile bilgisayarda ancak birka\u00e7 piksel g\u00f6r\u00fclebildi.<\/p><div id=\"briti-364331057\" class=\"briti-icerik\" style=\"margin-top: 5px;margin-bottom: 5px;\"><a href=\"https:\/\/piaryum.com\/services\/\" aria-label=\"piaryum banner\"><img loading=\"lazy\" decoding=\"async\" src=\"https:\/\/by-tv.co.uk\/wp-content\/uploads\/2025\/12\/Gemini_Generated_Image_g5yqr1g5yqr1g5yq.jpg\" alt=\"\"  width=\"2064\" height=\"1152\"   \/><\/a><\/div>\n<p>Ekip, yapt\u0131klar\u0131 ya\u015f hesab\u0131yla y\u0131ld\u0131zlar\u0131n olu\u015ftu\u011fu kozmik \u015fafa\u011f\u0131n ba\u015flang\u0131c\u0131n\u0131 hesaplad\u0131.<\/p>\n<p>Evren 13,8 milyar y\u0131l \u00f6nce B\u00fcy\u00fck Patlama&#8217;da meydana geldi. \u0130lk par\u0131lt\u0131n\u0131n ard\u0131ndansa evren kozmik karanl\u0131k \u00e7a\u011flar olarak bilinen bir d\u00f6nemden ge\u00e7ti.<\/p>\n<p>Yeni ara\u015ft\u0131rmaya g\u00f6re de, B\u00fcy\u00fck Patlama&#8217;dan 250 ila 350 milyon y\u0131l sonra, evrene \u0131\u015f\u0131k getiren ilk y\u0131ld\u0131zlar ortaya \u00e7\u0131kt\u0131.<\/p>\n<p>\u00c7al\u0131\u015fma ayn\u0131 zamanda ilk galaksilerin yeterince parlak oldu\u011funu ve NASA&#8217;n\u0131n James Webb Uzay Teleskobu taraf\u0131ndan da g\u00f6r\u00fclebilece\u011fini s\u00f6yl\u00fcyor.<\/p>\n<p>Astronomlar olas\u0131 bu g\u00f6r\u00fcnt\u00fclemeyle birlikte Evrenin evrimindeki bu \u00f6nemli ana do\u011frudan tan\u0131k olabilir. (BBC T\u00dcRK\u00c7E)<\/p>\n<div id=\"briti-3204210041\" class=\"briti-icerikten-sonra_2\" style=\"margin-top: 25px;margin-bottom: 25px;\"><a href=\"https:\/\/wa.me\/message\/NDZLLIOQT4H3O1\" aria-label=\"bytv reklam banner\"><img loading=\"lazy\" decoding=\"async\" src=\"https:\/\/by-tv.co.uk\/wp-content\/uploads\/2025\/12\/bytv-reklam-banner.jpg\" alt=\"\"  width=\"2376\" height=\"1008\"   \/><\/a><\/div>","protected":false},"excerpt":{"rendered":"<p>Kraliyet Astronomi Toplulu\u011fu&#8216;nun ayl\u0131k bildirimlerinde yay\u0131mlanan sonu\u00e7lara g\u00f6re, yap\u0131lan \u00e7al\u0131\u015fmalarda y\u0131ld\u0131zlar\u0131n ilk kez B\u00fcy\u00fck Patlama&#8217;dan 250 ila 350 milyon y\u0131l sonra &#8220;kozmik \u015fafak&#8221; olarak bilinen olayda do\u011fdu\u011fu anla\u015f\u0131ld\u0131. \u00c7ok uzun zamand\u0131r kozmik \u015fafa\u011f\u0131n ne zaman ba\u015flad\u0131\u011f\u0131 \u00fczerine ara\u015ft\u0131rmalar yapan University College London&#8216;dan Prof Richard Ellis, BBC&#8217;ye yapt\u0131\u011f\u0131 a\u00e7\u0131klamada, &#8220;Evrenin ilk kez ne zaman y\u0131ld\u0131z \u0131\u015f\u0131\u011f\u0131yla y\u0131kand\u0131\u011f\u0131na dair ilk ikna edici kan\u0131t sahibiz&#8221; diye konu\u015ftu. Bilim insanlar\u0131 \u00e7al\u0131\u015fmada en uzak 6 galaksiyi inceledi. Galaksiler, uzakl\u0131klar\u0131 sebebiyle d\u00fcnyan\u0131n en g\u00fc\u00e7l\u00fc teleskoplar\u0131yla bile bilgisayarda ancak birka\u00e7 piksel g\u00f6r\u00fclebildi. Ekip, yapt\u0131klar\u0131 ya\u015f hesab\u0131yla y\u0131ld\u0131zlar\u0131n olu\u015ftu\u011fu kozmik \u015fafa\u011f\u0131n ba\u015flang\u0131c\u0131n\u0131 hesaplad\u0131. Evren 13,8 milyar y\u0131l \u00f6nce [&hellip;]<\/p>\n","protected":false},"author":7,"featured_media":10870,"comment_status":"open","ping_status":"open","sticky":false,"template":"","format":"standard","meta":{"ngg_post_thumbnail":0,"footnotes":""},"categories":[17],"tags":[3423,598,3422],"class_list":["post-10869","post","type-post","status-publish","format-standard","has-post-thumbnail","hentry","category-bilim","tag-gokyuzu","tag-uzay","tag-yildiz"],"_links":{"self":[{"href":"https:\/\/by-tv.co.uk\/en\/wp-json\/wp\/v2\/posts\/10869","targetHints":{"allow":["GET"]}}],"collection":[{"href":"https:\/\/by-tv.co.uk\/en\/wp-json\/wp\/v2\/posts"}],"about":[{"href":"https:\/\/by-tv.co.uk\/en\/wp-json\/wp\/v2\/types\/post"}],"author":[{"embeddable":true,"href":"https:\/\/by-tv.co.uk\/en\/wp-json\/wp\/v2\/users\/7"}],"replies":[{"embeddable":true,"href":"https:\/\/by-tv.co.uk\/en\/wp-json\/wp\/v2\/comments?post=10869"}],"version-history":[{"count":0,"href":"https:\/\/by-tv.co.uk\/en\/wp-json\/wp\/v2\/posts\/10869\/revisions"}],"wp:featuredmedia":[{"embeddable":true,"href":"https:\/\/by-tv.co.uk\/en\/wp-json\/wp\/v2\/media\/10870"}],"wp:attachment":[{"href":"https:\/\/by-tv.co.uk\/en\/wp-json\/wp\/v2\/media?parent=10869"}],"wp:term":[{"taxonomy":"category","embeddable":true,"href":"https:\/\/by-tv.co.uk\/en\/wp-json\/wp\/v2\/categories?post=10869"},{"taxonomy":"post_tag","embeddable":true,"href":"https:\/\/by-tv.co.uk\/en\/wp-json\/wp\/v2\/tags?post=10869"}],"curies":[{"name":"wp","href":"https:\/\/api.w.org\/{rel}","templated":true}]}}