{"id":10825,"date":"2021-06-27T11:12:25","date_gmt":"2021-06-27T10:12:25","guid":{"rendered":"https:\/\/by-tv.co.uk\/?p=10825"},"modified":"2021-06-27T11:12:25","modified_gmt":"2021-06-27T10:12:25","slug":"tesla-285-araci-geri-cagirdi","status":"publish","type":"post","link":"https:\/\/by-tv.co.uk\/en\/tesla-285-araci-geri-cagirdi\/","title":{"rendered":"Tesla 285 arac\u0131 geri \u00e7a\u011f\u0131rd\u0131"},"content":{"rendered":"<p><strong>Elon Musk<\/strong>\u2019\u0131n sahibi oldu\u011fu elektrikli otomobil \u015firketi <strong>Tesla<\/strong>, <strong>\u00c7in<\/strong>\u2019deki 285 bin 520 otomobili geri \u00e7a\u011f\u0131rma karar\u0131 ald\u0131.<\/p>\n<p>Otopilot sisteminde sorun oldu\u011fu belirlenen otomobiller \u00fccretsiz olarak g\u00fcncellenecek.<\/p>\n<p>Tesla, kazaya neden olabilecek sorun nedeniyle \u00c7inli m\u00fc\u015fterilerden \u00f6z\u00fcr diledi.<\/p><div id=\"briti-3127493654\" class=\"briti-icerik\" style=\"margin-top: 5px;margin-bottom: 5px;\"><a href=\"https:\/\/piaryum.com\/services\/\" aria-label=\"piaryum banner\"><img loading=\"lazy\" decoding=\"async\" src=\"https:\/\/by-tv.co.uk\/wp-content\/uploads\/2025\/12\/Gemini_Generated_Image_g5yqr1g5yqr1g5yq.jpg\" alt=\"\"  width=\"2064\" height=\"1152\"   \/><\/a><\/div>\n<p>30 milyar dolarl\u0131k dev \u015firketin geliri bu y\u0131l\u0131n ilk \u00e7eyre\u011findeki y\u00fczde 74 artt\u0131.<\/p>\n<div id=\"briti-3524833202\" class=\"briti-icerikten-sonra_2\" style=\"margin-top: 25px;margin-bottom: 25px;\"><a href=\"https:\/\/wa.me\/message\/NDZLLIOQT4H3O1\" aria-label=\"bytv reklam banner\"><img loading=\"lazy\" decoding=\"async\" src=\"https:\/\/by-tv.co.uk\/wp-content\/uploads\/2025\/12\/bytv-reklam-banner.jpg\" alt=\"\"  width=\"2376\" height=\"1008\"   \/><\/a><\/div>","protected":false},"excerpt":{"rendered":"<p>Elon Musk\u2019\u0131n sahibi oldu\u011fu elektrikli otomobil \u015firketi Tesla, \u00c7in\u2019deki 285 bin 520 otomobili geri \u00e7a\u011f\u0131rma karar\u0131 ald\u0131. Otopilot sisteminde sorun oldu\u011fu belirlenen otomobiller \u00fccretsiz olarak g\u00fcncellenecek. Tesla, kazaya neden olabilecek sorun nedeniyle \u00c7inli m\u00fc\u015fterilerden \u00f6z\u00fcr diledi. 30 milyar dolarl\u0131k dev \u015firketin geliri bu y\u0131l\u0131n ilk \u00e7eyre\u011findeki y\u00fczde 74 artt\u0131.<\/p>","protected":false},"author":7,"featured_media":0,"comment_status":"open","ping_status":"open","sticky":false,"template":"","format":"standard","meta":{"ngg_post_thumbnail":0,"footnotes":""},"categories":[8],"tags":[458,3048,3412,185],"class_list":["post-10825","post","type-post","status-publish","format-standard","hentry","category-teknoloji","tag-cin","tag-elektrikli-otomobil","tag-elo-musk","tag-tesla"],"_links":{"self":[{"href":"https:\/\/by-tv.co.uk\/en\/wp-json\/wp\/v2\/posts\/10825","targetHints":{"allow":["GET"]}}],"collection":[{"href":"https:\/\/by-tv.co.uk\/en\/wp-json\/wp\/v2\/posts"}],"about":[{"href":"https:\/\/by-tv.co.uk\/en\/wp-json\/wp\/v2\/types\/post"}],"author":[{"embeddable":true,"href":"https:\/\/by-tv.co.uk\/en\/wp-json\/wp\/v2\/users\/7"}],"replies":[{"embeddable":true,"href":"https:\/\/by-tv.co.uk\/en\/wp-json\/wp\/v2\/comments?post=10825"}],"version-history":[{"count":0,"href":"https:\/\/by-tv.co.uk\/en\/wp-json\/wp\/v2\/posts\/10825\/revisions"}],"wp:attachment":[{"href":"https:\/\/by-tv.co.uk\/en\/wp-json\/wp\/v2\/media?parent=10825"}],"wp:term":[{"taxonomy":"category","embeddable":true,"href":"https:\/\/by-tv.co.uk\/en\/wp-json\/wp\/v2\/categories?post=10825"},{"taxonomy":"post_tag","embeddable":true,"href":"https:\/\/by-tv.co.uk\/en\/wp-json\/wp\/v2\/tags?post=10825"}],"curies":[{"name":"wp","href":"https:\/\/api.w.org\/{rel}","templated":true}]}}