{"id":10812,"date":"2021-06-26T20:41:29","date_gmt":"2021-06-26T19:41:29","guid":{"rendered":"https:\/\/by-tv.co.uk\/?p=10812"},"modified":"2021-06-26T20:41:58","modified_gmt":"2021-06-26T19:41:58","slug":"ingiltereye-musluman-saglik-bakani-olarak-atandi","status":"publish","type":"post","link":"https:\/\/by-tv.co.uk\/en\/ingiltereye-musluman-saglik-bakani-olarak-atandi\/","title":{"rendered":"\u0130ngiltere&#8217;ye M\u00fcsl\u00fcman Sa\u011fl\u0131k Bakan\u0131 atand\u0131"},"content":{"rendered":"<p>\u0130ngiltere&#8217;nin ilk M\u00fcsl\u00fcman \u0130\u00e7i\u015fleri Bakan\u0131 ve eski Maliye Bakan\u0131 Sajid Javid, yeni Sa\u011fl\u0131k Bakan\u0131 olarak atand\u0131.<\/p>\n<p>\u0130ngiltere Sa\u011fl\u0131k Bakan\u0131 Matt Hancock&#8217;\u0131n bug\u00fcnk\u00fc istifas\u0131n\u0131n ard\u0131ndan \u00fclkenin ilk M\u00fcsl\u00fcman \u0130\u00e7i\u015fleri Bakan\u0131 ve eski Maliye Bakan\u0131 Sajid Javid, yeni Sa\u011fl\u0131k Bakan\u0131 olarak atand\u0131.<\/p>\n<p>Pakistan k\u00f6kenli Javid, Theresa May kabinesinde de i\u00e7i\u015fleri bakanl\u0131\u011f\u0131 g\u00f6revinde bulunmu\u015ftu.<\/p><div id=\"briti-1573138920\" class=\"briti-icerik\" style=\"margin-top: 5px;margin-bottom: 5px;\"><a href=\"https:\/\/piaryum.com\/services\/\" aria-label=\"piaryum banner\"><img loading=\"lazy\" decoding=\"async\" src=\"https:\/\/by-tv.co.uk\/wp-content\/uploads\/2025\/12\/Gemini_Generated_Image_g5yqr1g5yqr1g5yq.jpg\" alt=\"\"  width=\"2064\" height=\"1152\"   \/><\/a><\/div>\n<p>Ba\u015fbakan Boris Johnson 13 \u015eubat 2020&#8217;de kabinede yapt\u0131\u011f\u0131 de\u011fi\u015fiklikler kapsam\u0131nda, d\u00f6nemin Maliye Bakan\u0131 Sajid Javid&#8217;e g\u00f6revini s\u00fcrd\u00fcrmesi ancak dan\u0131\u015fmanlar\u0131n\u0131n i\u015fine son vermesi teklifinde bulunmu\u015ftu. Ancak bu teklifi kabul etmeyen Javid g\u00f6revinden istifa etme karar\u0131 alm\u0131\u015ft\u0131.<\/p>\n<p>Ayr\u0131nt\u0131lar geliyor..<\/p>\n<div id=\"briti-3461429440\" class=\"briti-icerikten-sonra_2\" style=\"margin-top: 25px;margin-bottom: 25px;\"><a href=\"https:\/\/wa.me\/message\/NDZLLIOQT4H3O1\" aria-label=\"bytv reklam banner\"><img loading=\"lazy\" decoding=\"async\" src=\"https:\/\/by-tv.co.uk\/wp-content\/uploads\/2025\/12\/bytv-reklam-banner.jpg\" alt=\"\"  width=\"2376\" height=\"1008\"   \/><\/a><\/div>","protected":false},"excerpt":{"rendered":"<p>\u0130ngiltere&#8217;nin ilk M\u00fcsl\u00fcman \u0130\u00e7i\u015fleri Bakan\u0131 ve eski Maliye Bakan\u0131 Sajid Javid, yeni Sa\u011fl\u0131k Bakan\u0131 olarak atand\u0131. \u0130ngiltere Sa\u011fl\u0131k Bakan\u0131 Matt Hancock&#8217;\u0131n bug\u00fcnk\u00fc istifas\u0131n\u0131n ard\u0131ndan \u00fclkenin ilk M\u00fcsl\u00fcman \u0130\u00e7i\u015fleri Bakan\u0131 ve eski Maliye Bakan\u0131 Sajid Javid, yeni Sa\u011fl\u0131k Bakan\u0131 olarak atand\u0131. Pakistan k\u00f6kenli Javid, Theresa May kabinesinde de i\u00e7i\u015fleri bakanl\u0131\u011f\u0131 g\u00f6revinde bulunmu\u015ftu. Ba\u015fbakan Boris Johnson 13 \u015eubat 2020&#8217;de kabinede yapt\u0131\u011f\u0131 de\u011fi\u015fiklikler kapsam\u0131nda, d\u00f6nemin Maliye Bakan\u0131 Sajid Javid&#8217;e g\u00f6revini s\u00fcrd\u00fcrmesi ancak dan\u0131\u015fmanlar\u0131n\u0131n i\u015fine son vermesi teklifinde bulunmu\u015ftu. Ancak bu teklifi kabul etmeyen Javid g\u00f6revinden istifa etme karar\u0131 alm\u0131\u015ft\u0131. Ayr\u0131nt\u0131lar geliyor..<\/p>","protected":false},"author":1,"featured_media":0,"comment_status":"open","ping_status":"open","sticky":false,"template":"","format":"standard","meta":{"ngg_post_thumbnail":0,"footnotes":""},"categories":[15],"tags":[783,635],"class_list":["post-10812","post","type-post","status-publish","format-standard","hentry","category-ingiltere","tag-saglik-bakani","tag-sajid-javid"],"_links":{"self":[{"href":"https:\/\/by-tv.co.uk\/en\/wp-json\/wp\/v2\/posts\/10812","targetHints":{"allow":["GET"]}}],"collection":[{"href":"https:\/\/by-tv.co.uk\/en\/wp-json\/wp\/v2\/posts"}],"about":[{"href":"https:\/\/by-tv.co.uk\/en\/wp-json\/wp\/v2\/types\/post"}],"author":[{"embeddable":true,"href":"https:\/\/by-tv.co.uk\/en\/wp-json\/wp\/v2\/users\/1"}],"replies":[{"embeddable":true,"href":"https:\/\/by-tv.co.uk\/en\/wp-json\/wp\/v2\/comments?post=10812"}],"version-history":[{"count":0,"href":"https:\/\/by-tv.co.uk\/en\/wp-json\/wp\/v2\/posts\/10812\/revisions"}],"wp:attachment":[{"href":"https:\/\/by-tv.co.uk\/en\/wp-json\/wp\/v2\/media?parent=10812"}],"wp:term":[{"taxonomy":"category","embeddable":true,"href":"https:\/\/by-tv.co.uk\/en\/wp-json\/wp\/v2\/categories?post=10812"},{"taxonomy":"post_tag","embeddable":true,"href":"https:\/\/by-tv.co.uk\/en\/wp-json\/wp\/v2\/tags?post=10812"}],"curies":[{"name":"wp","href":"https:\/\/api.w.org\/{rel}","templated":true}]}}