{"id":10795,"date":"2021-06-26T18:47:02","date_gmt":"2021-06-26T17:47:02","guid":{"rendered":"https:\/\/by-tv.co.uk\/?p=10795"},"modified":"2021-06-26T19:11:56","modified_gmt":"2021-06-26T18:11:56","slug":"son-dakika-saglik-bakani-istifa-etti","status":"publish","type":"post","link":"https:\/\/by-tv.co.uk\/en\/son-dakika-saglik-bakani-istifa-etti\/","title":{"rendered":"Son Dakika: Sa\u011fl\u0131k Bakan\u0131 istifa etti"},"content":{"rendered":"<p>Son Dakika:&nbsp; \u0130ngiltere Sa\u011fl\u0131k Bakan\u0131 Matt Hancock, Ba\u015fbakan Boris Johnson&#8217;a yazd\u0131\u011f\u0131 bir mektupla g\u00f6revinden istifa etti.<\/p>\n<blockquote class=\"twitter-tweet\">\n<p dir=\"ltr\" lang=\"und\"><a href=\"https:\/\/t.co\/ahnqHy6yT9\">pic.twitter.com\/ahnqHy6yT9<\/a><\/p>\n<p>\u2014 Matt Hancock (@MattHancock) <a href=\"https:\/\/twitter.com\/MattHancock\/status\/1408836570069753858?ref_src=twsrc%5Etfw\" target=\"_blank\" rel=\"noopener\">June 26, 2021<\/a><\/p><\/blockquote>\n<p><script async=\"\" src=\"https:\/\/platform.twitter.com\/widgets.js\" charset=\"utf-8\"><\/script><\/p>\n<p>Sa\u011fl\u0131k Bakan\u0131, bakanl\u0131\u011f\u0131&#8217;nda (DHSC) icrac\u0131 olmayan bir y\u00f6netici olarak g\u00f6reve getirilen \u00fcniversite arkada\u015f\u0131 Gina Coladangelo ile ili\u015fkisi hakk\u0131nda sorularla kar\u015f\u0131la\u015fm\u0131\u015ft\u0131.<\/p>\n<p><strong>Sun<\/strong>&nbsp;gazetesi Sa\u011fl\u0131k Bakan\u0131 Matt Hancock ve dan\u0131\u015fman\u0131 Gina Coladangelo\u2019nun \u00f6p\u00fc\u015f\u00fcrken \u00e7ekilmi\u015f bir foto\u011fraf\u0131n\u0131 yay\u0131nlam\u0131\u015ft\u0131. Tart\u0131\u015fma yaratan foto\u011fraf\u0131n ard\u0131ndan ihanet ve torpil iddialar\u0131 g\u00fcndeme geldi.<\/p><div id=\"briti-3041547588\" class=\"briti-icerik\" style=\"margin-top: 5px;margin-bottom: 5px;\"><a href=\"https:\/\/piaryum.com\/services\/\" aria-label=\"piaryum banner\"><img loading=\"lazy\" decoding=\"async\" src=\"https:\/\/by-tv.co.uk\/wp-content\/uploads\/2025\/12\/Gemini_Generated_Image_g5yqr1g5yqr1g5yq.jpg\" alt=\"\"  width=\"2064\" height=\"1152\"   \/><\/a><\/div>\n<p>Coladangelo\u2019nun 15 bin Sterlin maa\u015fla bir y\u0131l \u00f6nce&nbsp;<strong>Sa\u011fl\u0131k Bakanl\u0131\u011f\u0131<\/strong>\u2019nda \u00e7al\u0131\u015fmaya ba\u015flad\u0131\u011f\u0131 iddia edildi.<\/p>\n<p>15 y\u0131ld\u0131r evli olan 42 ya\u015f\u0131ndaki Matt Hancock\u2019un 3 \u00e7ocu\u011fu bulunuyor.<\/p>\n<p><strong>\u0130ngiltere<\/strong> Sa\u011fl\u0131k Bakan\u0131 <strong>Matt Hancock,<\/strong>&nbsp;Twitter&#8217;da yay\u0131nlad\u0131\u011f\u0131 istifa videosunda \u015funlar\u0131 s\u00f6yledi: &#8220;Bu \u00fclkedeki herkesin yapt\u0131\u011f\u0131 muazzam fedakarl\u0131klar\u0131 anl\u0131yorum, siz de yapt\u0131n\u0131z. Ve bu kurallar\u0131 yapan bizler onlara ba\u011fl\u0131 kalmal\u0131y\u0131z ve bu y\u00fczden istifa etmeliyim.<\/p>\n<p>&#8220;\u0130nsanlara inan\u0131lmaz fedakarl\u0131klar\u0131 ve yapt\u0131klar\u0131 i\u00e7in te\u015fekk\u00fcr etmek istiyorum. NHS&#8217;de \u00e7al\u0131\u015fan herkes, sosyal bak\u0131mda, a\u015f\u0131 program\u0131na dahil olan herkes ve a\u00e7\u0131k\u00e7as\u0131 bu \u00fclkede son 18 ayd\u0131r g\u00f6rd\u00fc\u011f\u00fcm\u00fcz zorluklarla g\u00f6\u011f\u00fcs geren herkese.&#8221;<\/p>\n<p><strong>Birle\u015fik Krall\u0131k Ba\u015fbakan\u0131 Boris Johnson,<\/strong> istifas\u0131n\u0131 ald\u0131\u011f\u0131 i\u00e7in &#8220;\u00fczg\u00fcn&#8221; oldu\u011funu s\u00f6yledi &#8220;Deste\u011finiz i\u00e7in minnettar\u0131m ve kamu hizmetine katk\u0131n\u0131z\u0131n bitmekten \u00e7ok uzak oldu\u011funa inan\u0131yorum.&#8221; diye ekledi.<\/p>\n<blockquote class=\"twitter-tweet\">\n<p dir=\"ltr\" lang=\"en\">Resignation letter here <a href=\"https:\/\/t.co\/gAJ5l462Yn\">pic.twitter.com\/gAJ5l462Yn<\/a><\/p>\n<p>\u2014 Laura Kuenssberg (@bbclaurak) <a href=\"https:\/\/twitter.com\/bbclaurak\/status\/1408837812871385089?ref_src=twsrc%5Etfw\" target=\"_blank\" rel=\"noopener\">June 26, 2021<\/a><\/p><\/blockquote>\n<p><script async=\"\" src=\"https:\/\/platform.twitter.com\/widgets.js\" charset=\"utf-8\"><\/script><\/p>\n<p>&nbsp;<\/p>\n<div id=\"briti-900914061\" class=\"briti-icerikten-sonra_2\" style=\"margin-top: 25px;margin-bottom: 25px;\"><a href=\"https:\/\/wa.me\/message\/NDZLLIOQT4H3O1\" aria-label=\"bytv reklam banner\"><img loading=\"lazy\" decoding=\"async\" src=\"https:\/\/by-tv.co.uk\/wp-content\/uploads\/2025\/12\/bytv-reklam-banner.jpg\" alt=\"\"  width=\"2376\" height=\"1008\"   \/><\/a><\/div>","protected":false},"excerpt":{"rendered":"<p>Son Dakika:&nbsp; \u0130ngiltere Sa\u011fl\u0131k Bakan\u0131 Matt Hancock, Ba\u015fbakan Boris Johnson&#8217;a yazd\u0131\u011f\u0131 bir mektupla g\u00f6revinden istifa etti. pic.twitter.com\/ahnqHy6yT9 \u2014 Matt Hancock (@MattHancock) June 26, 2021 Sa\u011fl\u0131k Bakan\u0131, bakanl\u0131\u011f\u0131&#8217;nda (DHSC) icrac\u0131 olmayan bir y\u00f6netici olarak g\u00f6reve getirilen \u00fcniversite arkada\u015f\u0131 Gina Coladangelo ile ili\u015fkisi hakk\u0131nda sorularla kar\u015f\u0131la\u015fm\u0131\u015ft\u0131. Sun&nbsp;gazetesi Sa\u011fl\u0131k Bakan\u0131 Matt Hancock ve dan\u0131\u015fman\u0131 Gina Coladangelo\u2019nun \u00f6p\u00fc\u015f\u00fcrken \u00e7ekilmi\u015f bir foto\u011fraf\u0131n\u0131 yay\u0131nlam\u0131\u015ft\u0131. Tart\u0131\u015fma yaratan foto\u011fraf\u0131n ard\u0131ndan ihanet ve torpil iddialar\u0131 g\u00fcndeme geldi. Coladangelo\u2019nun 15 bin Sterlin maa\u015fla bir y\u0131l \u00f6nce&nbsp;Sa\u011fl\u0131k Bakanl\u0131\u011f\u0131\u2019nda \u00e7al\u0131\u015fmaya ba\u015flad\u0131\u011f\u0131 iddia edildi. 15 y\u0131ld\u0131r evli olan 42 ya\u015f\u0131ndaki Matt Hancock\u2019un 3 \u00e7ocu\u011fu bulunuyor. \u0130ngiltere Sa\u011fl\u0131k Bakan\u0131 Matt Hancock,&nbsp;Twitter&#8217;da yay\u0131nlad\u0131\u011f\u0131 istifa videosunda [&hellip;]<\/p>\n","protected":false},"author":1,"featured_media":0,"comment_status":"open","ping_status":"open","sticky":false,"template":"","format":"standard","meta":{"ngg_post_thumbnail":0,"footnotes":""},"categories":[15],"tags":[],"class_list":["post-10795","post","type-post","status-publish","format-standard","hentry","category-ingiltere"],"_links":{"self":[{"href":"https:\/\/by-tv.co.uk\/en\/wp-json\/wp\/v2\/posts\/10795","targetHints":{"allow":["GET"]}}],"collection":[{"href":"https:\/\/by-tv.co.uk\/en\/wp-json\/wp\/v2\/posts"}],"about":[{"href":"https:\/\/by-tv.co.uk\/en\/wp-json\/wp\/v2\/types\/post"}],"author":[{"embeddable":true,"href":"https:\/\/by-tv.co.uk\/en\/wp-json\/wp\/v2\/users\/1"}],"replies":[{"embeddable":true,"href":"https:\/\/by-tv.co.uk\/en\/wp-json\/wp\/v2\/comments?post=10795"}],"version-history":[{"count":0,"href":"https:\/\/by-tv.co.uk\/en\/wp-json\/wp\/v2\/posts\/10795\/revisions"}],"wp:attachment":[{"href":"https:\/\/by-tv.co.uk\/en\/wp-json\/wp\/v2\/media?parent=10795"}],"wp:term":[{"taxonomy":"category","embeddable":true,"href":"https:\/\/by-tv.co.uk\/en\/wp-json\/wp\/v2\/categories?post=10795"},{"taxonomy":"post_tag","embeddable":true,"href":"https:\/\/by-tv.co.uk\/en\/wp-json\/wp\/v2\/tags?post=10795"}],"curies":[{"name":"wp","href":"https:\/\/api.w.org\/{rel}","templated":true}]}}