{"id":10791,"date":"2021-06-26T11:02:16","date_gmt":"2021-06-26T10:02:16","guid":{"rendered":"https:\/\/by-tv.co.uk\/?p=10791"},"modified":"2021-06-26T11:02:59","modified_gmt":"2021-06-26T10:02:59","slug":"majestelerinden-vazgecmedi","status":"publish","type":"post","link":"https:\/\/by-tv.co.uk\/en\/majestelerinden-vazgecmedi\/","title":{"rendered":"&#8216;Majesteleri&#8217;nden vazge\u00e7medi"},"content":{"rendered":"<p><strong>Prens Harry<\/strong>, Kraliyet ailesinden ayr\u0131lmas\u0131n\u0131n ard\u0131ndan<strong> Kraliyet<\/strong> unvanlar\u0131n\u0131 b\u0131rakmaya karar vermi\u015fti.<\/p>\n<p>Ancak buna ra\u011fmen k\u0131z\u0131n\u0131n do\u011fum belgesinde kendisini &#8220;majesteleri&#8221; diye yazd\u0131rd\u0131\u011f\u0131 ortaya \u00e7\u0131kt\u0131.<\/p>\n<p>The Sun&#8217;\u0131n yay\u0131mlad\u0131\u011f\u0131 belgede Prens Harry&#8217;nin, &#8220;majesteleri&#8221; unvan\u0131n\u0131n yan\u0131 s\u0131ra &#8220;<strong>Sussex D\u00fck\u00fc<\/strong>&#8221; ifadesini de kulland\u0131\u011f\u0131 g\u00f6r\u00fcl\u00fcyor.<\/p><div id=\"briti-2107358438\" class=\"briti-icerik\" style=\"margin-top: 5px;margin-bottom: 5px;\"><a href=\"https:\/\/piaryum.com\/services\/\" aria-label=\"piaryum banner\"><img loading=\"lazy\" decoding=\"async\" src=\"https:\/\/by-tv.co.uk\/wp-content\/uploads\/2025\/12\/Gemini_Generated_Image_g5yqr1g5yqr1g5yq.jpg\" alt=\"\"  width=\"2064\" height=\"1152\"   \/><\/a><\/div>\n<p>\u00c7ift daha \u00f6nce &#8220;majesteleri&#8221; unvan\u0131n\u0131 kullanmayacaklar\u0131n\u0131 a\u00e7\u0131klam\u0131\u015ft\u0131.<\/p>\n<p>\u00d6te yandan, Markle&#8217;\u0131n formalitelerden ka\u00e7\u0131narak k\u0131z\u0131 <strong>Lilibet<\/strong>&#8216;in do\u011fum belgesine ismini<strong> Rachel Meghan Markle<\/strong> \u015feklinde yazd\u0131rd\u0131\u011f\u0131 g\u00f6r\u00fcl\u00fcyor.<\/p>\n<p><span style=\"font-size: 1.21429rem;\">Markle, o\u011flu Archie&#8217;nin do\u011fum belgesinde hem &#8220;majesteleri&#8221; hem de &#8220;Sussex D\u00fc\u015fesi&#8221; unvanlar\u0131n\u0131 kullanm\u0131\u015ft\u0131.<\/span><\/p>\n<p><span style=\"font-size: 1.21429rem;\">Prens Harry&#8217;nin annesi <strong>Prenses Diana<\/strong>&#8216;n\u0131n 1 Temmuz&#8217;daki 60. ya\u015f g\u00fcn\u00fc \u015ferefine d\u00fczenlenecek t\u00f6ren i\u00e7in <strong>Birle\u015fik Krall\u0131k<\/strong>&#8216;a gelmesi bekleniyor. (INDEPENDENT T\u00dcRK\u00c7E)<\/span><\/p>\n<div id=\"briti-2970294087\" class=\"briti-icerikten-sonra_2\" style=\"margin-top: 25px;margin-bottom: 25px;\"><a href=\"https:\/\/wa.me\/message\/NDZLLIOQT4H3O1\" aria-label=\"bytv reklam banner\"><img loading=\"lazy\" decoding=\"async\" src=\"https:\/\/by-tv.co.uk\/wp-content\/uploads\/2025\/12\/bytv-reklam-banner.jpg\" alt=\"\"  width=\"2376\" height=\"1008\"   \/><\/a><\/div>","protected":false},"excerpt":{"rendered":"<p>Prens Harry, Kraliyet ailesinden ayr\u0131lmas\u0131n\u0131n ard\u0131ndan Kraliyet unvanlar\u0131n\u0131 b\u0131rakmaya karar vermi\u015fti. Ancak buna ra\u011fmen k\u0131z\u0131n\u0131n do\u011fum belgesinde kendisini &#8220;majesteleri&#8221; diye yazd\u0131rd\u0131\u011f\u0131 ortaya \u00e7\u0131kt\u0131. The Sun&#8217;\u0131n yay\u0131mlad\u0131\u011f\u0131 belgede Prens Harry&#8217;nin, &#8220;majesteleri&#8221; unvan\u0131n\u0131n yan\u0131 s\u0131ra &#8220;Sussex D\u00fck\u00fc&#8221; ifadesini de kulland\u0131\u011f\u0131 g\u00f6r\u00fcl\u00fcyor. \u00c7ift daha \u00f6nce &#8220;majesteleri&#8221; unvan\u0131n\u0131 kullanmayacaklar\u0131n\u0131 a\u00e7\u0131klam\u0131\u015ft\u0131. \u00d6te yandan, Markle&#8217;\u0131n formalitelerden ka\u00e7\u0131narak k\u0131z\u0131 Lilibet&#8216;in do\u011fum belgesine ismini Rachel Meghan Markle \u015feklinde yazd\u0131rd\u0131\u011f\u0131 g\u00f6r\u00fcl\u00fcyor. Markle, o\u011flu Archie&#8217;nin do\u011fum belgesinde hem &#8220;majesteleri&#8221; hem de &#8220;Sussex D\u00fc\u015fesi&#8221; unvanlar\u0131n\u0131 kullanm\u0131\u015ft\u0131. Prens Harry&#8217;nin annesi Prenses Diana&#8216;n\u0131n 1 Temmuz&#8217;daki 60. ya\u015f g\u00fcn\u00fc \u015ferefine d\u00fczenlenecek t\u00f6ren i\u00e7in Birle\u015fik Krall\u0131k&#8216;a gelmesi bekleniyor. (INDEPENDENT T\u00dcRK\u00c7E)<\/p>","protected":false},"author":7,"featured_media":0,"comment_status":"open","ping_status":"open","sticky":false,"template":"","format":"standard","meta":{"ngg_post_thumbnail":0,"footnotes":""},"categories":[15],"tags":[430,149,247,245,246],"class_list":["post-10791","post","type-post","status-publish","format-standard","hentry","category-ingiltere","tag-birlesik-krallik","tag-ingiltere","tag-kraliyet","tag-meghan-markle","tag-prens-harry"],"_links":{"self":[{"href":"https:\/\/by-tv.co.uk\/en\/wp-json\/wp\/v2\/posts\/10791","targetHints":{"allow":["GET"]}}],"collection":[{"href":"https:\/\/by-tv.co.uk\/en\/wp-json\/wp\/v2\/posts"}],"about":[{"href":"https:\/\/by-tv.co.uk\/en\/wp-json\/wp\/v2\/types\/post"}],"author":[{"embeddable":true,"href":"https:\/\/by-tv.co.uk\/en\/wp-json\/wp\/v2\/users\/7"}],"replies":[{"embeddable":true,"href":"https:\/\/by-tv.co.uk\/en\/wp-json\/wp\/v2\/comments?post=10791"}],"version-history":[{"count":0,"href":"https:\/\/by-tv.co.uk\/en\/wp-json\/wp\/v2\/posts\/10791\/revisions"}],"wp:attachment":[{"href":"https:\/\/by-tv.co.uk\/en\/wp-json\/wp\/v2\/media?parent=10791"}],"wp:term":[{"taxonomy":"category","embeddable":true,"href":"https:\/\/by-tv.co.uk\/en\/wp-json\/wp\/v2\/categories?post=10791"},{"taxonomy":"post_tag","embeddable":true,"href":"https:\/\/by-tv.co.uk\/en\/wp-json\/wp\/v2\/tags?post=10791"}],"curies":[{"name":"wp","href":"https:\/\/api.w.org\/{rel}","templated":true}]}}