{"id":10784,"date":"2021-06-26T09:59:58","date_gmt":"2021-06-26T08:59:58","guid":{"rendered":"https:\/\/by-tv.co.uk\/?p=10784"},"modified":"2021-06-26T09:59:58","modified_gmt":"2021-06-26T08:59:58","slug":"delta-varyanti-soka-cikma-yasagi-getirdi","status":"publish","type":"post","link":"https:\/\/by-tv.co.uk\/en\/delta-varyanti-soka-cikma-yasagi-getirdi\/","title":{"rendered":"Delta varyant\u0131 soka \u00e7\u0131kma yasa\u011f\u0131 getirdi"},"content":{"rendered":"<p>ABC News\u2019e g\u00f6re, <strong>Avustralya<\/strong>\u2019n\u0131n Yeni G\u00fcney Galler Eyalet\u2019nin Ba\u015fbakan\u0131 Gladys Berejiklian,<strong> Covid-19<\/strong> <strong>Delta<\/strong> varyant\u0131n\u0131n eyalette artmas\u0131 nedeniyle soka\u011fa \u00e7\u0131kma yasa\u011f\u0131 ilan ettiklerini a\u00e7\u0131klad\u0131.<\/p>\n<p>Berejiklian, ilerleyen g\u00fcnlerde daha fazla vaka g\u00f6r\u00fclebilece\u011fi uyar\u0131s\u0131nda bulundu.<\/p>\n<p>Yeni tedbirler kapsam\u0131nda eyaletin Greater Sydney, Blue Mountains, Central Coast ve Wollongong b\u00f6lgelerinde bug\u00fcn 18.00 itibar\u0131yla ba\u015flayacak soka\u011fa \u00e7\u0131kma k\u0131s\u0131tlamas\u0131, 9 Temmuz Cuma g\u00fcn\u00fc 23.59\u2019a kadar s\u00fcrmesi bekleniyor.<\/p><div id=\"briti-3636643401\" class=\"briti-icerik\" style=\"margin-top: 5px;margin-bottom: 5px;\"><a href=\"https:\/\/piaryum.com\/services\/\" aria-label=\"piaryum banner\"><img loading=\"lazy\" decoding=\"async\" src=\"https:\/\/by-tv.co.uk\/wp-content\/uploads\/2025\/12\/Gemini_Generated_Image_g5yqr1g5yqr1g5yq.jpg\" alt=\"\"  width=\"2064\" height=\"1152\"   \/><\/a><\/div>\n<p>Bu tarihler aras\u0131nda g\u0131da ve t\u0131bbi bak\u0131m ihtiya\u00e7lar\u0131n\u0131n kar\u015f\u0131lanmas\u0131 d\u0131\u015f\u0131nda soka\u011fa \u00e7\u0131kma yasa\u011f\u0131 uygulanacak.<\/p>\n<p>Evden \u00e7al\u0131\u015fma uygulamas\u0131na dahil olmayan ki\u015filer, k\u0131s\u0131tlamadan muaf tutulacak.<\/p>\n<p>26 Haziran-9 Temmuz tarihlerinde d\u00fc\u011f\u00fcn organizasyonlar\u0131 da yasaklan\u0131rken cenaze t\u00f6renlerine kat\u0131l\u0131m sosyal mesafe tedbirlerine uyulmak \u015fart\u0131yla en fazla 100 ki\u015fi ile s\u0131n\u0131rl\u0131 tutulacak.<\/p>\n<p>&nbsp;<\/p>\n<div id=\"briti-2714417676\" class=\"briti-icerikten-sonra_2\" style=\"margin-top: 25px;margin-bottom: 25px;\"><a href=\"https:\/\/wa.me\/message\/NDZLLIOQT4H3O1\" aria-label=\"bytv reklam banner\"><img loading=\"lazy\" decoding=\"async\" src=\"https:\/\/by-tv.co.uk\/wp-content\/uploads\/2025\/12\/bytv-reklam-banner.jpg\" alt=\"\"  width=\"2376\" height=\"1008\"   \/><\/a><\/div>","protected":false},"excerpt":{"rendered":"<p>ABC News\u2019e g\u00f6re, Avustralya\u2019n\u0131n Yeni G\u00fcney Galler Eyalet\u2019nin Ba\u015fbakan\u0131 Gladys Berejiklian, Covid-19 Delta varyant\u0131n\u0131n eyalette artmas\u0131 nedeniyle soka\u011fa \u00e7\u0131kma yasa\u011f\u0131 ilan ettiklerini a\u00e7\u0131klad\u0131. Berejiklian, ilerleyen g\u00fcnlerde daha fazla vaka g\u00f6r\u00fclebilece\u011fi uyar\u0131s\u0131nda bulundu. Yeni tedbirler kapsam\u0131nda eyaletin Greater Sydney, Blue Mountains, Central Coast ve Wollongong b\u00f6lgelerinde bug\u00fcn 18.00 itibar\u0131yla ba\u015flayacak soka\u011fa \u00e7\u0131kma k\u0131s\u0131tlamas\u0131, 9 Temmuz Cuma g\u00fcn\u00fc 23.59\u2019a kadar s\u00fcrmesi bekleniyor. Bu tarihler aras\u0131nda g\u0131da ve t\u0131bbi bak\u0131m ihtiya\u00e7lar\u0131n\u0131n kar\u015f\u0131lanmas\u0131 d\u0131\u015f\u0131nda soka\u011fa \u00e7\u0131kma yasa\u011f\u0131 uygulanacak. Evden \u00e7al\u0131\u015fma uygulamas\u0131na dahil olmayan ki\u015filer, k\u0131s\u0131tlamadan muaf tutulacak. 26 Haziran-9 Temmuz tarihlerinde d\u00fc\u011f\u00fcn organizasyonlar\u0131 da yasaklan\u0131rken cenaze t\u00f6renlerine kat\u0131l\u0131m sosyal mesafe tedbirlerine uyulmak \u015fart\u0131yla en [&hellip;]<\/p>\n","protected":false},"author":7,"featured_media":0,"comment_status":"open","ping_status":"open","sticky":false,"template":"","format":"standard","meta":{"ngg_post_thumbnail":0,"footnotes":""},"categories":[11],"tags":[621,859,808,3406],"class_list":["post-10784","post","type-post","status-publish","format-standard","hentry","category-dunya","tag-avustralya","tag-corona-virus","tag-covid-19","tag-delta"],"_links":{"self":[{"href":"https:\/\/by-tv.co.uk\/en\/wp-json\/wp\/v2\/posts\/10784","targetHints":{"allow":["GET"]}}],"collection":[{"href":"https:\/\/by-tv.co.uk\/en\/wp-json\/wp\/v2\/posts"}],"about":[{"href":"https:\/\/by-tv.co.uk\/en\/wp-json\/wp\/v2\/types\/post"}],"author":[{"embeddable":true,"href":"https:\/\/by-tv.co.uk\/en\/wp-json\/wp\/v2\/users\/7"}],"replies":[{"embeddable":true,"href":"https:\/\/by-tv.co.uk\/en\/wp-json\/wp\/v2\/comments?post=10784"}],"version-history":[{"count":0,"href":"https:\/\/by-tv.co.uk\/en\/wp-json\/wp\/v2\/posts\/10784\/revisions"}],"wp:attachment":[{"href":"https:\/\/by-tv.co.uk\/en\/wp-json\/wp\/v2\/media?parent=10784"}],"wp:term":[{"taxonomy":"category","embeddable":true,"href":"https:\/\/by-tv.co.uk\/en\/wp-json\/wp\/v2\/categories?post=10784"},{"taxonomy":"post_tag","embeddable":true,"href":"https:\/\/by-tv.co.uk\/en\/wp-json\/wp\/v2\/tags?post=10784"}],"curies":[{"name":"wp","href":"https:\/\/api.w.org\/{rel}","templated":true}]}}