{"id":10775,"date":"2021-06-25T21:38:03","date_gmt":"2021-06-25T20:38:03","guid":{"rendered":"https:\/\/by-tv.co.uk\/?p=10775"},"modified":"2021-06-25T21:38:03","modified_gmt":"2021-06-25T20:38:03","slug":"almanyada-bicakli-saldiri-3-olu-5-yarali","status":"publish","type":"post","link":"https:\/\/by-tv.co.uk\/en\/almanyada-bicakli-saldiri-3-olu-5-yarali\/","title":{"rendered":"Almanya&#8217;da b\u0131\u00e7akl\u0131 sald\u0131r\u0131: 3 \u00f6l\u00fc, 5 yaral\u0131"},"content":{"rendered":"<p>Almanya\u2019n\u0131n W\u00fcrzburg kentindeki Barbarossa Meydan\u0131&#8217;nda b\u0131\u00e7akl\u0131 bir sald\u0131rgan yoldan ge\u00e7enlere sald\u0131rd\u0131. Sald\u0131r\u0131da 3 ki\u015fi hayat\u0131n\u0131 kaybetti, 5 ki\u015fi a\u011f\u0131r yaraland\u0131.<\/p>\n<p>Sald\u0131r\u0131 s\u0131ras\u0131nda sokakta bulunanlar, sandalye ve sopalarla sald\u0131rgan\u0131 lin\u00e7 etmeye \u00e7al\u0131\u015ft\u0131.<\/p>\n<p>Olay yerine gelen polis, ate\u015f ederek yaralad\u0131\u011f\u0131 sald\u0131rgan\u0131 g\u00f6zalt\u0131na ald\u0131.<\/p><div id=\"briti-2209970963\" class=\"briti-icerik\" style=\"margin-top: 5px;margin-bottom: 5px;\"><a href=\"https:\/\/piaryum.com\/services\/\" aria-label=\"piaryum banner\"><img loading=\"lazy\" decoding=\"async\" src=\"https:\/\/by-tv.co.uk\/wp-content\/uploads\/2025\/12\/Gemini_Generated_Image_g5yqr1g5yqr1g5yq.jpg\" alt=\"\"  width=\"2064\" height=\"1152\"   \/><\/a><\/div>\n<p>Polis, sald\u0131rgan\u0131n 2015 y\u0131l\u0131ndan beri W\u00fcrzburg&#8217;da ya\u015fad\u0131\u011f\u0131n\u0131, 24 ya\u015f\u0131nda ve Somalili oldu\u011funu a\u00e7\u0131klad\u0131.<\/p>\n<p>Sald\u0131rgan\u0131n hayati tehlikesinin bulunmad\u0131\u011f\u0131 belirtildi.<\/p>\n<p>Polis, olay\u0131n ger\u00e7ekle\u015fti\u011fi b\u00f6lgeyi g\u00fcvenlik \u015feridiyle kapatt\u0131.<\/p>\n<p>Psikolojik tedavi g\u00f6rd\u00fc\u011f\u00fc \u00f6\u011frenilen sald\u0131rgan\u0131n b\u0131\u00e7a\u011f\u0131 yak\u0131ndaki bir ma\u011fazadan ald\u0131\u011f\u0131 belirlendi.<\/p>\n<div id=\"briti-50849381\" class=\"briti-icerikten-sonra_2\" style=\"margin-top: 25px;margin-bottom: 25px;\"><a href=\"https:\/\/wa.me\/message\/NDZLLIOQT4H3O1\" aria-label=\"bytv reklam banner\"><img loading=\"lazy\" decoding=\"async\" src=\"https:\/\/by-tv.co.uk\/wp-content\/uploads\/2025\/12\/bytv-reklam-banner.jpg\" alt=\"\"  width=\"2376\" height=\"1008\"   \/><\/a><\/div>","protected":false},"excerpt":{"rendered":"<p>Almanya\u2019n\u0131n W\u00fcrzburg kentindeki Barbarossa Meydan\u0131&#8217;nda b\u0131\u00e7akl\u0131 bir sald\u0131rgan yoldan ge\u00e7enlere sald\u0131rd\u0131. Sald\u0131r\u0131da 3 ki\u015fi hayat\u0131n\u0131 kaybetti, 5 ki\u015fi a\u011f\u0131r yaraland\u0131. Sald\u0131r\u0131 s\u0131ras\u0131nda sokakta bulunanlar, sandalye ve sopalarla sald\u0131rgan\u0131 lin\u00e7 etmeye \u00e7al\u0131\u015ft\u0131. Olay yerine gelen polis, ate\u015f ederek yaralad\u0131\u011f\u0131 sald\u0131rgan\u0131 g\u00f6zalt\u0131na ald\u0131. Polis, sald\u0131rgan\u0131n 2015 y\u0131l\u0131ndan beri W\u00fcrzburg&#8217;da ya\u015fad\u0131\u011f\u0131n\u0131, 24 ya\u015f\u0131nda ve Somalili oldu\u011funu a\u00e7\u0131klad\u0131. Sald\u0131rgan\u0131n hayati tehlikesinin bulunmad\u0131\u011f\u0131 belirtildi. Polis, olay\u0131n ger\u00e7ekle\u015fti\u011fi b\u00f6lgeyi g\u00fcvenlik \u015feridiyle kapatt\u0131. Psikolojik tedavi g\u00f6rd\u00fc\u011f\u00fc \u00f6\u011frenilen sald\u0131rgan\u0131n b\u0131\u00e7a\u011f\u0131 yak\u0131ndaki bir ma\u011fazadan ald\u0131\u011f\u0131 belirlendi.<\/p>","protected":false},"author":7,"featured_media":0,"comment_status":"open","ping_status":"open","sticky":false,"template":"","format":"standard","meta":{"ngg_post_thumbnail":0,"footnotes":""},"categories":[11],"tags":[226,3016,3117,3404,3118],"class_list":["post-10775","post","type-post","status-publish","format-standard","hentry","category-dunya","tag-almanya","tag-olu","tag-saldiri","tag-wurzburg","tag-yarali"],"_links":{"self":[{"href":"https:\/\/by-tv.co.uk\/en\/wp-json\/wp\/v2\/posts\/10775","targetHints":{"allow":["GET"]}}],"collection":[{"href":"https:\/\/by-tv.co.uk\/en\/wp-json\/wp\/v2\/posts"}],"about":[{"href":"https:\/\/by-tv.co.uk\/en\/wp-json\/wp\/v2\/types\/post"}],"author":[{"embeddable":true,"href":"https:\/\/by-tv.co.uk\/en\/wp-json\/wp\/v2\/users\/7"}],"replies":[{"embeddable":true,"href":"https:\/\/by-tv.co.uk\/en\/wp-json\/wp\/v2\/comments?post=10775"}],"version-history":[{"count":0,"href":"https:\/\/by-tv.co.uk\/en\/wp-json\/wp\/v2\/posts\/10775\/revisions"}],"wp:attachment":[{"href":"https:\/\/by-tv.co.uk\/en\/wp-json\/wp\/v2\/media?parent=10775"}],"wp:term":[{"taxonomy":"category","embeddable":true,"href":"https:\/\/by-tv.co.uk\/en\/wp-json\/wp\/v2\/categories?post=10775"},{"taxonomy":"post_tag","embeddable":true,"href":"https:\/\/by-tv.co.uk\/en\/wp-json\/wp\/v2\/tags?post=10775"}],"curies":[{"name":"wp","href":"https:\/\/api.w.org\/{rel}","templated":true}]}}