{"id":10697,"date":"2021-06-24T17:38:13","date_gmt":"2021-06-24T16:38:13","guid":{"rendered":"https:\/\/by-tv.co.uk\/?p=10697"},"modified":"2021-06-24T17:38:13","modified_gmt":"2021-06-24T16:38:13","slug":"astronot-kadrosuna-22-bin-basvuru","status":"publish","type":"post","link":"https:\/\/by-tv.co.uk\/en\/astronot-kadrosuna-22-bin-basvuru\/","title":{"rendered":"Astronot kadrosuna 22 bin ba\u015fvuru"},"content":{"rendered":"<p>Avrupa Uzay Ajans\u0131n\u0131n (<strong>ESA<\/strong>) yeni astronotlar yeti\u015ftirmek i\u00e7in a\u00e7t\u0131\u011f\u0131 programa 22 binden fazla ba\u015fvuru yap\u0131ld\u0131\u011f\u0131 bildirildi.<\/p>\n<p>&#8220;Spacenews&#8221; internet sitesinde yer alan haberde, ba\u015fvuru say\u0131s\u0131n\u0131n en son 2008&#8217;de d\u00fczenlenen programa k\u0131yasla 3 kat artt\u0131\u011f\u0131 belirtildi.<\/p>\n<p>Yeni <strong>astronot<\/strong> s\u0131n\u0131f\u0131nda yer almak i\u00e7in 5 bin 419&#8217;u kad\u0131n 22 bin aday ba\u015fvuru yapt\u0131.<\/p><div id=\"briti-1162900800\" class=\"briti-icerik\" style=\"margin-top: 5px;margin-bottom: 5px;\"><a href=\"https:\/\/piaryum.com\/services\/\" aria-label=\"piaryum banner\"><img loading=\"lazy\" decoding=\"async\" src=\"https:\/\/by-tv.co.uk\/wp-content\/uploads\/2025\/12\/Gemini_Generated_Image_g5yqr1g5yqr1g5yq.jpg\" alt=\"\"  width=\"2064\" height=\"1152\"   \/><\/a><\/div>\n<p>ESA&#8217;n\u0131n insan kaynaklar\u0131 uzmanlar\u0131, ba\u015fvuranlar aras\u0131ndan ilk etapta 1500 aday\u0131 psikolojik de\u011ferlendirme i\u00e7in \u00e7a\u011f\u0131racak. Adaylar psikolojik de\u011ferlendirmenin ard\u0131ndan 4 a\u015famal\u0131 bir eleme s\u00fcrecine tabi tutulacak.<\/p>\n<p>Eleme s\u00fcrecinin sonunda 4 ila 6 ki\u015fiden olu\u015fmas\u0131 planlanan yeni astronot s\u0131n\u0131f\u0131 belirlenecek.<\/p>\n<p>ESA&#8217;da halen 2 Alman, 2 \u0130talyan, 1 \u0130ngiliz, 1 Frans\u0131z ve 1 Danimarkal\u0131 astronot g\u00f6rev yap\u0131yor.<\/p>\n<p>ESA astronotlar\u0131, Uluslararas\u0131 Uzay \u0130stasyonunda d\u00f6n\u00fc\u015f\u00fcml\u00fc g\u00f6rev yapan ekiplerde yer al\u0131yor.<\/p>\n<div id=\"briti-2751627286\" class=\"briti-icerikten-sonra_2\" style=\"margin-top: 25px;margin-bottom: 25px;\"><a href=\"https:\/\/wa.me\/message\/NDZLLIOQT4H3O1\" aria-label=\"bytv reklam banner\"><img loading=\"lazy\" decoding=\"async\" src=\"https:\/\/by-tv.co.uk\/wp-content\/uploads\/2025\/12\/bytv-reklam-banner.jpg\" alt=\"\"  width=\"2376\" height=\"1008\"   \/><\/a><\/div>","protected":false},"excerpt":{"rendered":"<p>Avrupa Uzay Ajans\u0131n\u0131n (ESA) yeni astronotlar yeti\u015ftirmek i\u00e7in a\u00e7t\u0131\u011f\u0131 programa 22 binden fazla ba\u015fvuru yap\u0131ld\u0131\u011f\u0131 bildirildi. &#8220;Spacenews&#8221; internet sitesinde yer alan haberde, ba\u015fvuru say\u0131s\u0131n\u0131n en son 2008&#8217;de d\u00fczenlenen programa k\u0131yasla 3 kat artt\u0131\u011f\u0131 belirtildi. Yeni astronot s\u0131n\u0131f\u0131nda yer almak i\u00e7in 5 bin 419&#8217;u kad\u0131n 22 bin aday ba\u015fvuru yapt\u0131. ESA&#8217;n\u0131n insan kaynaklar\u0131 uzmanlar\u0131, ba\u015fvuranlar aras\u0131ndan ilk etapta 1500 aday\u0131 psikolojik de\u011ferlendirme i\u00e7in \u00e7a\u011f\u0131racak. Adaylar psikolojik de\u011ferlendirmenin ard\u0131ndan 4 a\u015famal\u0131 bir eleme s\u00fcrecine tabi tutulacak. Eleme s\u00fcrecinin sonunda 4 ila 6 ki\u015fiden olu\u015fmas\u0131 planlanan yeni astronot s\u0131n\u0131f\u0131 belirlenecek. ESA&#8217;da halen 2 Alman, 2 \u0130talyan, 1 \u0130ngiliz, 1 Frans\u0131z ve 1 Danimarkal\u0131 [&hellip;]<\/p>\n","protected":false},"author":7,"featured_media":10698,"comment_status":"open","ping_status":"open","sticky":false,"template":"","format":"standard","meta":{"ngg_post_thumbnail":0,"footnotes":""},"categories":[17],"tags":[2183,2180,598],"class_list":["post-10697","post","type-post","status-publish","format-standard","has-post-thumbnail","hentry","category-bilim","tag-astronot","tag-avrupa-uzay-ajansi","tag-uzay"],"_links":{"self":[{"href":"https:\/\/by-tv.co.uk\/en\/wp-json\/wp\/v2\/posts\/10697","targetHints":{"allow":["GET"]}}],"collection":[{"href":"https:\/\/by-tv.co.uk\/en\/wp-json\/wp\/v2\/posts"}],"about":[{"href":"https:\/\/by-tv.co.uk\/en\/wp-json\/wp\/v2\/types\/post"}],"author":[{"embeddable":true,"href":"https:\/\/by-tv.co.uk\/en\/wp-json\/wp\/v2\/users\/7"}],"replies":[{"embeddable":true,"href":"https:\/\/by-tv.co.uk\/en\/wp-json\/wp\/v2\/comments?post=10697"}],"version-history":[{"count":0,"href":"https:\/\/by-tv.co.uk\/en\/wp-json\/wp\/v2\/posts\/10697\/revisions"}],"wp:featuredmedia":[{"embeddable":true,"href":"https:\/\/by-tv.co.uk\/en\/wp-json\/wp\/v2\/media\/10698"}],"wp:attachment":[{"href":"https:\/\/by-tv.co.uk\/en\/wp-json\/wp\/v2\/media?parent=10697"}],"wp:term":[{"taxonomy":"category","embeddable":true,"href":"https:\/\/by-tv.co.uk\/en\/wp-json\/wp\/v2\/categories?post=10697"},{"taxonomy":"post_tag","embeddable":true,"href":"https:\/\/by-tv.co.uk\/en\/wp-json\/wp\/v2\/tags?post=10697"}],"curies":[{"name":"wp","href":"https:\/\/api.w.org\/{rel}","templated":true}]}}