{"id":10648,"date":"2021-06-24T09:50:52","date_gmt":"2021-06-24T08:50:52","guid":{"rendered":"https:\/\/by-tv.co.uk\/?p=10648"},"modified":"2021-06-24T09:56:42","modified_gmt":"2021-06-24T08:56:42","slug":"johnson-uzun-zaman-sonra-buckingham-sarayinda","status":"publish","type":"post","link":"https:\/\/by-tv.co.uk\/en\/johnson-uzun-zaman-sonra-buckingham-sarayinda\/","title":{"rendered":"Johnson, uzun zaman sonra Buckingham Saray\u0131&#8217;nda"},"content":{"rendered":"<p>Krali\u00e7e II. Elizabeth pandeminin ba\u015flang\u0131c\u0131ndan bu yana ilk kez Ba\u015fbakan Boris Johnson&#8217;\u0131 y\u00fcz y\u00fcze g\u00f6r\u00fc\u015fme i\u00e7in Buckingham Saray\u0131&#8217;nda a\u011f\u0131rlad\u0131.<\/p>\n<p>Pandemi d\u00f6neminde Ba\u015fbakan Johnson&#8217;a koronavir\u00fcs tan\u0131s\u0131 konuldu ve iki defa hastaneye kald\u0131r\u0131ld\u0131. Bu s\u00fcre\u00e7te \u0130ngiltere krali\u00e7esi Elizabeth&#8217;in 74 y\u0131ll\u0131k e\u015fi Edinburgh D\u00fck\u00fc Prens Philip Prens Philip 100 ya\u015f\u0131na girmesine k\u0131sa bir zaman kala hayata veda etti.<\/p>\n<p>&nbsp;<\/p>\n<div id=\"briti-994963909\" class=\"briti-icerikten-sonra_2\" style=\"margin-top: 25px;margin-bottom: 25px;\"><a href=\"https:\/\/wa.me\/message\/NDZLLIOQT4H3O1\" aria-label=\"bytv reklam banner\"><img loading=\"lazy\" decoding=\"async\" src=\"https:\/\/by-tv.co.uk\/wp-content\/uploads\/2025\/12\/bytv-reklam-banner.jpg\" alt=\"\"  width=\"2376\" height=\"1008\"   \/><\/a><\/div>","protected":false},"excerpt":{"rendered":"<p>Krali\u00e7e II. Elizabeth pandeminin ba\u015flang\u0131c\u0131ndan bu yana ilk kez Ba\u015fbakan Boris Johnson&#8217;\u0131 y\u00fcz y\u00fcze g\u00f6r\u00fc\u015fme i\u00e7in Buckingham Saray\u0131&#8217;nda a\u011f\u0131rlad\u0131. Pandemi d\u00f6neminde Ba\u015fbakan Johnson&#8217;a koronavir\u00fcs tan\u0131s\u0131 konuldu ve iki defa hastaneye kald\u0131r\u0131ld\u0131. Bu s\u00fcre\u00e7te \u0130ngiltere krali\u00e7esi Elizabeth&#8217;in 74 y\u0131ll\u0131k e\u015fi Edinburgh D\u00fck\u00fc Prens Philip Prens Philip 100 ya\u015f\u0131na girmesine k\u0131sa bir zaman kala hayata veda etti. &nbsp;<\/p>","protected":false},"author":1,"featured_media":10651,"comment_status":"open","ping_status":"open","sticky":false,"template":"","format":"standard","meta":{"ngg_post_thumbnail":0,"footnotes":""},"categories":[1],"tags":[2744,149,2743,228],"class_list":["post-10648","post","type-post","status-publish","format-standard","has-post-thumbnail","hentry","category-genel","tag-buckingham-sarayi","tag-ingiltere","tag-kralice-ii-elizabeth","tag-londra"],"_links":{"self":[{"href":"https:\/\/by-tv.co.uk\/en\/wp-json\/wp\/v2\/posts\/10648","targetHints":{"allow":["GET"]}}],"collection":[{"href":"https:\/\/by-tv.co.uk\/en\/wp-json\/wp\/v2\/posts"}],"about":[{"href":"https:\/\/by-tv.co.uk\/en\/wp-json\/wp\/v2\/types\/post"}],"author":[{"embeddable":true,"href":"https:\/\/by-tv.co.uk\/en\/wp-json\/wp\/v2\/users\/1"}],"replies":[{"embeddable":true,"href":"https:\/\/by-tv.co.uk\/en\/wp-json\/wp\/v2\/comments?post=10648"}],"version-history":[{"count":0,"href":"https:\/\/by-tv.co.uk\/en\/wp-json\/wp\/v2\/posts\/10648\/revisions"}],"wp:featuredmedia":[{"embeddable":true,"href":"https:\/\/by-tv.co.uk\/en\/wp-json\/wp\/v2\/media\/10651"}],"wp:attachment":[{"href":"https:\/\/by-tv.co.uk\/en\/wp-json\/wp\/v2\/media?parent=10648"}],"wp:term":[{"taxonomy":"category","embeddable":true,"href":"https:\/\/by-tv.co.uk\/en\/wp-json\/wp\/v2\/categories?post=10648"},{"taxonomy":"post_tag","embeddable":true,"href":"https:\/\/by-tv.co.uk\/en\/wp-json\/wp\/v2\/tags?post=10648"}],"curies":[{"name":"wp","href":"https:\/\/api.w.org\/{rel}","templated":true}]}}