{"id":10639,"date":"2021-06-23T22:56:48","date_gmt":"2021-06-23T21:56:48","guid":{"rendered":"https:\/\/by-tv.co.uk\/?p=10639"},"modified":"2021-06-23T22:58:00","modified_gmt":"2021-06-23T21:58:00","slug":"ugur-sahin-ve-ozlem-tureciye-asturias-odulu","status":"publish","type":"post","link":"https:\/\/by-tv.co.uk\/en\/ugur-sahin-ve-ozlem-tureciye-asturias-odulu\/","title":{"rendered":"U\u011fur \u015eahin ve \u00d6zlem T\u00fcreci\u2019ye Asturias \u00f6d\u00fcl\u00fc"},"content":{"rendered":"<p><strong>\u0130spanya<\/strong>&#8216;n\u0131n en prestijli \u00f6d\u00fclleri olarak bilinen ve veliaht Prenses Leonor&#8217;a atfen verilen <strong>Asturias Prensesi \u00d6d\u00fclleri<\/strong>&#8216;nde teknik ve bilimsel ara\u015ft\u0131rmalar dal\u0131nda \u00f6d\u00fcle <strong>Corona vir\u00fcs<\/strong> a\u015f\u0131s\u0131n\u0131n bulunmas\u0131yla ba\u011flant\u0131l\u0131 olarak Prof. Dr. <strong>U\u011fur \u015eahin<\/strong> ve e\u015fi Dr. <strong>\u00d6zlem T\u00fcreci<\/strong>&#8216;nin de aralar\u0131nda bulundu\u011fu bir grup bilim insan\u0131 lay\u0131k g\u00f6r\u00fcld\u00fc.<\/p>\n<p>Asturias Prensesi \u00d6d\u00fclleri Teknik ve Bilimsel Ara\u015ft\u0131rmalar J\u00fcrisi, Kovid-19 a\u015f\u0131lar\u0131n\u0131n bulunmas\u0131na katk\u0131lar\u0131ndan dolay\u0131 2021 y\u0131l\u0131 \u00f6d\u00fcl\u00fcne U\u011fur \u015eahin (doktor), \u00d6zlem T\u00fcreci (doktor), Katalin Kariko (biyokimyac\u0131), Drex Weissman (imm\u00fcnolog), Philip Felgner (imm\u00fcnolog), Derrick Rossi (biyolog) ve Sarah Gilbert&#8217;in (a\u015f\u0131 uzman\u0131) lay\u0131k g\u00f6r\u00fcld\u00fc\u011f\u00fcn\u00fc a\u00e7\u0131klad\u0131.<\/p>\n<p>J\u00fcri, bu bilim insanlar\u0131na \u00f6d\u00fcl\u00fcn verilme gerek\u00e7esini \u015fu s\u00f6zlerle duyurdu:&#8221;\u00c7al\u0131\u015fmalar\u0131, k\u00fcresel \u00f6l\u00e7ekte sa\u011fl\u0131\u011f\u0131n korunmas\u0131 i\u00e7in temel bilimin \u00f6neminin m\u00fckemmel bir \u00f6rne\u011fidir. Temel ara\u015ft\u0131rmalardaki uzun kariyerleriyle, Kovid-19 salg\u0131n\u0131yla sava\u015fmak i\u00e7in etkili a\u015f\u0131lar elde etmek gibi yenilik\u00e7i uygulamalara \u00f6nc\u00fcl\u00fck ettiler. Hem yeni bir teknoloji olan RNA&#8217;n\u0131n geli\u015ftirilmesi hem de adenovir\u00fcsler bazl\u0131 a\u015f\u0131lar\u0131n \u00fcretilmesi, di\u011fer hastal\u0131klara kar\u015f\u0131 kullan\u0131mlar\u0131 i\u00e7in de bir umut yolu a\u00e7t\u0131.&#8221;<br \/>\n<strong><span style=\"font-size: 1.21429rem;\"><br \/>\n\u015eAH\u0130N VE T\u00dcREC\u0130: ONUR DUYUYORUZ<\/span><\/strong><\/p><div id=\"briti-1139343990\" class=\"briti-icerik\" style=\"margin-top: 5px;margin-bottom: 5px;\"><a href=\"https:\/\/piaryum.com\/services\/\" aria-label=\"piaryum banner\"><img loading=\"lazy\" decoding=\"async\" src=\"https:\/\/by-tv.co.uk\/wp-content\/uploads\/2025\/12\/Gemini_Generated_Image_g5yqr1g5yqr1g5yq.jpg\" alt=\"\"  width=\"2064\" height=\"1152\"   \/><\/a><\/div>\n<p>U\u011fur \u015eahin, \u00f6d\u00fcl\u00fc almas\u0131 dolay\u0131s\u0131yla Asturias Prensesi Vakf\u0131&#8217;na yapt\u0131\u011f\u0131 a\u00e7\u0131klamada, &#8220;Asturias Prensesi \u00d6d\u00fcl\u00fc, bilimin insanl\u0131k i\u00e7in bir fark yaratabilece\u011finin m\u00fckemmel bir \u015fekilde tan\u0131nmas\u0131 a\u00e7\u0131s\u0131ndan \u00f6nemli. Ara\u015ft\u0131rmalar\u0131m\u0131z\u0131n ve \u00e7al\u0131\u015fmalar\u0131n\u0131z\u0131n bu salg\u0131na kar\u015f\u0131 m\u00fccadeleye katk\u0131da bulunabildi\u011fi ve pek \u00e7ok ki\u015fiye yard\u0131m edebildi\u011fi i\u00e7in \u00e7ok minnettar\u0131m&#8221; ifadesini kulland\u0131.<\/p>\n<p>\u00d6zlem T\u00fcreci de &#8220;Asturias Prensesi \u00d6d\u00fcl\u00fc&#8217;n\u00fcn sahipleri aras\u0131nda yer almak bir onurdur. Bilimin as\u0131l hedefini ya\u015fam\u0131n iyile\u015ftirilmesi olarak tan\u0131mlayan bu \u00f6d\u00fclle de\u011ferli bir b\u00fcy\u00fckel\u00e7i olarak g\u00f6r\u00fclmekten derin bir onur duyuyorum.&#8221; a\u00e7\u0131klamas\u0131nda bulundu.<\/p>\n<p><span style=\"font-size: 1.21429rem;\">\u0130spanya&#8217;da 1981&#8217;den bu yana verilen ve ilk olarak &#8220;Asturias Prensi&#8221; ad\u0131n\u0131 alan \u00f6d\u00fcller, \u015fimdiki Kral 6. Felipe&#8217;nin babas\u0131n\u0131n yerine 2014&#8217;te tahta ge\u00e7mesiyle veliaht olan b\u00fcy\u00fck k\u0131z\u0131 Prenses Leonor&#8217;a atfen &#8220;Asturias Prensesi&#8221; ad\u0131n\u0131 alm\u0131\u015ft\u0131.<\/span><\/p>\n<p>Toplamda 8 kategoride verilen \u00f6d\u00fcllere lay\u0131k g\u00f6r\u00fclenlere bir Joan Miro heykelci\u011fi, bir diploma, bir rozet ve 50 bin euro veriliyor.<\/p>\n<p>\u00d6d\u00fcl t\u00f6renleri geleneksel olarak her y\u0131l ekimde Asturias b\u00f6lgesinin Oviedo kentindeki Campoamor Tiyatrosu&#8217;nda d\u00fczenleniyor.<\/p>\n<div id=\"briti-2842228821\" class=\"briti-icerikten-sonra_2\" style=\"margin-top: 25px;margin-bottom: 25px;\"><a href=\"https:\/\/wa.me\/message\/NDZLLIOQT4H3O1\" aria-label=\"bytv reklam banner\"><img loading=\"lazy\" decoding=\"async\" src=\"https:\/\/by-tv.co.uk\/wp-content\/uploads\/2025\/12\/bytv-reklam-banner.jpg\" alt=\"\"  width=\"2376\" height=\"1008\"   \/><\/a><\/div>","protected":false},"excerpt":{"rendered":"<p>\u0130spanya&#8216;n\u0131n en prestijli \u00f6d\u00fclleri olarak bilinen ve veliaht Prenses Leonor&#8217;a atfen verilen Asturias Prensesi \u00d6d\u00fclleri&#8216;nde teknik ve bilimsel ara\u015ft\u0131rmalar dal\u0131nda \u00f6d\u00fcle Corona vir\u00fcs a\u015f\u0131s\u0131n\u0131n bulunmas\u0131yla ba\u011flant\u0131l\u0131 olarak Prof. Dr. U\u011fur \u015eahin ve e\u015fi Dr. \u00d6zlem T\u00fcreci&#8216;nin de aralar\u0131nda bulundu\u011fu bir grup bilim insan\u0131 lay\u0131k g\u00f6r\u00fcld\u00fc. Asturias Prensesi \u00d6d\u00fclleri Teknik ve Bilimsel Ara\u015ft\u0131rmalar J\u00fcrisi, Kovid-19 a\u015f\u0131lar\u0131n\u0131n bulunmas\u0131na katk\u0131lar\u0131ndan dolay\u0131 2021 y\u0131l\u0131 \u00f6d\u00fcl\u00fcne U\u011fur \u015eahin (doktor), \u00d6zlem T\u00fcreci (doktor), Katalin Kariko (biyokimyac\u0131), Drex Weissman (imm\u00fcnolog), Philip Felgner (imm\u00fcnolog), Derrick Rossi (biyolog) ve Sarah Gilbert&#8217;in (a\u015f\u0131 uzman\u0131) lay\u0131k g\u00f6r\u00fcld\u00fc\u011f\u00fcn\u00fc a\u00e7\u0131klad\u0131. J\u00fcri, bu bilim insanlar\u0131na \u00f6d\u00fcl\u00fcn verilme gerek\u00e7esini \u015fu s\u00f6zlerle duyurdu:&#8221;\u00c7al\u0131\u015fmalar\u0131, k\u00fcresel \u00f6l\u00e7ekte sa\u011fl\u0131\u011f\u0131n [&hellip;]<\/p>\n","protected":false},"author":7,"featured_media":10641,"comment_status":"open","ping_status":"open","sticky":false,"template":"","format":"standard","meta":{"ngg_post_thumbnail":0,"footnotes":""},"categories":[13],"tags":[3381,859,808,1676,2389,1833],"class_list":["post-10639","post","type-post","status-publish","format-standard","has-post-thumbnail","hentry","category-saglik","tag-asturias","tag-corona-virus","tag-covid-19","tag-odul","tag-ozlem-tureci","tag-ugur-sahin"],"_links":{"self":[{"href":"https:\/\/by-tv.co.uk\/en\/wp-json\/wp\/v2\/posts\/10639","targetHints":{"allow":["GET"]}}],"collection":[{"href":"https:\/\/by-tv.co.uk\/en\/wp-json\/wp\/v2\/posts"}],"about":[{"href":"https:\/\/by-tv.co.uk\/en\/wp-json\/wp\/v2\/types\/post"}],"author":[{"embeddable":true,"href":"https:\/\/by-tv.co.uk\/en\/wp-json\/wp\/v2\/users\/7"}],"replies":[{"embeddable":true,"href":"https:\/\/by-tv.co.uk\/en\/wp-json\/wp\/v2\/comments?post=10639"}],"version-history":[{"count":0,"href":"https:\/\/by-tv.co.uk\/en\/wp-json\/wp\/v2\/posts\/10639\/revisions"}],"wp:featuredmedia":[{"embeddable":true,"href":"https:\/\/by-tv.co.uk\/en\/wp-json\/wp\/v2\/media\/10641"}],"wp:attachment":[{"href":"https:\/\/by-tv.co.uk\/en\/wp-json\/wp\/v2\/media?parent=10639"}],"wp:term":[{"taxonomy":"category","embeddable":true,"href":"https:\/\/by-tv.co.uk\/en\/wp-json\/wp\/v2\/categories?post=10639"},{"taxonomy":"post_tag","embeddable":true,"href":"https:\/\/by-tv.co.uk\/en\/wp-json\/wp\/v2\/tags?post=10639"}],"curies":[{"name":"wp","href":"https:\/\/api.w.org\/{rel}","templated":true}]}}