{"id":10633,"date":"2021-06-23T22:27:48","date_gmt":"2021-06-23T21:27:48","guid":{"rendered":"https:\/\/by-tv.co.uk\/?p=10633"},"modified":"2021-06-23T22:40:17","modified_gmt":"2021-06-23T21:40:17","slug":"unlu-yazilimci-john-mcafee-cezaevinde-olu-bulundu","status":"publish","type":"post","link":"https:\/\/by-tv.co.uk\/en\/unlu-yazilimci-john-mcafee-cezaevinde-olu-bulundu\/","title":{"rendered":"\u00dcnl\u00fc yaz\u0131l\u0131mc\u0131 John McAfee cezaevinde \u00f6l\u00fc bulundu"},"content":{"rendered":"<p><strong>Antivir\u00fcs<\/strong> yaz\u0131l\u0131mc\u0131s\u0131<strong> John McAfee<\/strong>, <strong>\u0130spanya<\/strong>\u2019n\u0131n <strong>Barcelona<\/strong> kentinde kald\u0131\u011f\u0131 cezaevinde \u00f6l\u00fc bulundu.<\/p>\n<p>ABD\u2019de vergi ka\u00e7\u0131rmakla su\u00e7lanan <strong>McAfee<\/strong>\u2019nin iadesi mahkeme taraf\u0131ndan bug\u00fcn kabul edilmi\u015fti.<\/p>\n<p>75 ya\u015f\u0131ndaki John McAfee\u2019nin h\u00fccresinde intihar etti\u011fi belirtiliyor.<\/p><div id=\"briti-871632425\" class=\"briti-icerik\" style=\"margin-top: 5px;margin-bottom: 5px;\"><a href=\"https:\/\/piaryum.com\/services\/\" aria-label=\"piaryum banner\"><img loading=\"lazy\" decoding=\"async\" src=\"https:\/\/by-tv.co.uk\/wp-content\/uploads\/2025\/12\/Gemini_Generated_Image_g5yqr1g5yqr1g5yq.jpg\" alt=\"\"  width=\"2064\" height=\"1152\"   \/><\/a><\/div>\n<p>Ancak McAfee, birka\u00e7 y\u0131l \u00f6nce <strong>Twitter<\/strong>\u2019dan yapt\u0131\u011f\u0131 a\u00e7\u0131klamada &#8220;ABD&#8217;li yetkililerden, \u00f6z\u00fcnde &#8216;Sana geliyoruz McAfee, seni \u00f6ld\u00fcrece\u011fiz!&#8217; diyen ho\u015f mesajlar al\u0131yorum. Her ihtimale kar\u015f\u0131 bug\u00fcn bir d\u00f6vme yapt\u0131rd\u0131m. E\u011fer intihar ettiysem, etmemi\u015fimdir\u201d ifadelerini kullanm\u0131\u015ft\u0131.<\/p>\n<p>\u0130lk ticari anti vir\u00fcs yaz\u0131l\u0131m \u015firketini kuran John McAfee, ABD\u2019de 4 milyon dolardan fazla vergi ka\u00e7\u0131rmakla su\u00e7lan\u0131yordu.<\/p>\n<p>McAfee, ge\u00e7en y\u0131l Barcelona&#8217;dan <strong>\u0130stanbul<\/strong>&#8216;a gitmek \u00fczereyken El Prat Havaliman\u0131&#8217;nda yakalanm\u0131\u015ft\u0131.<\/p>\n<div id=\"briti-2797202579\" class=\"briti-icerikten-sonra_2\" style=\"margin-top: 25px;margin-bottom: 25px;\"><a href=\"https:\/\/wa.me\/message\/NDZLLIOQT4H3O1\" aria-label=\"bytv reklam banner\"><img loading=\"lazy\" decoding=\"async\" src=\"https:\/\/by-tv.co.uk\/wp-content\/uploads\/2025\/12\/bytv-reklam-banner.jpg\" alt=\"\"  width=\"2376\" height=\"1008\"   \/><\/a><\/div>","protected":false},"excerpt":{"rendered":"<p>Antivir\u00fcs yaz\u0131l\u0131mc\u0131s\u0131 John McAfee, \u0130spanya\u2019n\u0131n Barcelona kentinde kald\u0131\u011f\u0131 cezaevinde \u00f6l\u00fc bulundu. ABD\u2019de vergi ka\u00e7\u0131rmakla su\u00e7lanan McAfee\u2019nin iadesi mahkeme taraf\u0131ndan bug\u00fcn kabul edilmi\u015fti. 75 ya\u015f\u0131ndaki John McAfee\u2019nin h\u00fccresinde intihar etti\u011fi belirtiliyor. Ancak McAfee, birka\u00e7 y\u0131l \u00f6nce Twitter\u2019dan yapt\u0131\u011f\u0131 a\u00e7\u0131klamada &#8220;ABD&#8217;li yetkililerden, \u00f6z\u00fcnde &#8216;Sana geliyoruz McAfee, seni \u00f6ld\u00fcrece\u011fiz!&#8217; diyen ho\u015f mesajlar al\u0131yorum. Her ihtimale kar\u015f\u0131 bug\u00fcn bir d\u00f6vme yapt\u0131rd\u0131m. E\u011fer intihar ettiysem, etmemi\u015fimdir\u201d ifadelerini kullanm\u0131\u015ft\u0131. \u0130lk ticari anti vir\u00fcs yaz\u0131l\u0131m \u015firketini kuran John McAfee, ABD\u2019de 4 milyon dolardan fazla vergi ka\u00e7\u0131rmakla su\u00e7lan\u0131yordu. McAfee, ge\u00e7en y\u0131l Barcelona&#8217;dan \u0130stanbul&#8216;a gitmek \u00fczereyken El Prat Havaliman\u0131&#8217;nda yakalanm\u0131\u015ft\u0131.<\/p>","protected":false},"author":7,"featured_media":10634,"comment_status":"open","ping_status":"open","sticky":false,"template":"","format":"standard","meta":{"ngg_post_thumbnail":0,"footnotes":""},"categories":[1],"tags":[372,3380,606,3378,3379],"class_list":["post-10633","post","type-post","status-publish","format-standard","has-post-thumbnail","hentry","category-genel","tag-abd","tag-anti-virus","tag-ispanya","tag-john-mcafee","tag-yazilim"],"_links":{"self":[{"href":"https:\/\/by-tv.co.uk\/en\/wp-json\/wp\/v2\/posts\/10633","targetHints":{"allow":["GET"]}}],"collection":[{"href":"https:\/\/by-tv.co.uk\/en\/wp-json\/wp\/v2\/posts"}],"about":[{"href":"https:\/\/by-tv.co.uk\/en\/wp-json\/wp\/v2\/types\/post"}],"author":[{"embeddable":true,"href":"https:\/\/by-tv.co.uk\/en\/wp-json\/wp\/v2\/users\/7"}],"replies":[{"embeddable":true,"href":"https:\/\/by-tv.co.uk\/en\/wp-json\/wp\/v2\/comments?post=10633"}],"version-history":[{"count":0,"href":"https:\/\/by-tv.co.uk\/en\/wp-json\/wp\/v2\/posts\/10633\/revisions"}],"wp:featuredmedia":[{"embeddable":true,"href":"https:\/\/by-tv.co.uk\/en\/wp-json\/wp\/v2\/media\/10634"}],"wp:attachment":[{"href":"https:\/\/by-tv.co.uk\/en\/wp-json\/wp\/v2\/media?parent=10633"}],"wp:term":[{"taxonomy":"category","embeddable":true,"href":"https:\/\/by-tv.co.uk\/en\/wp-json\/wp\/v2\/categories?post=10633"},{"taxonomy":"post_tag","embeddable":true,"href":"https:\/\/by-tv.co.uk\/en\/wp-json\/wp\/v2\/tags?post=10633"}],"curies":[{"name":"wp","href":"https:\/\/api.w.org\/{rel}","templated":true}]}}