{"id":10614,"date":"2021-06-23T15:53:06","date_gmt":"2021-06-23T14:53:06","guid":{"rendered":"https:\/\/by-tv.co.uk\/?p=10614"},"modified":"2021-06-23T15:53:06","modified_gmt":"2021-06-23T14:53:06","slug":"ingiltere-rusya-arasinda-uyari-atesi-gerilimi","status":"publish","type":"post","link":"https:\/\/by-tv.co.uk\/en\/ingiltere-rusya-arasinda-uyari-atesi-gerilimi\/","title":{"rendered":"\u0130ngiltere-Rusya aras\u0131nda uyar\u0131 ate\u015fi gerilimi"},"content":{"rendered":"<p><strong>Rusya<\/strong> Savunma Bakanl\u0131\u011f\u0131ndan yap\u0131lan a\u00e7\u0131klamada, <strong>\u0130ngiltere<\/strong>&#8216;ye ait &#8220;Defender&#8221; <strong>sava\u015f gemisi<\/strong>nin, Rusya taraf\u0131ndan yasa d\u0131\u015f\u0131 ilhak edilen K\u0131r\u0131m&#8217;\u0131n g\u00fcneybat\u0131s\u0131nda bulunan Felenk&#8217;te s\u0131n\u0131r\u0131 ihlal etti\u011fi iddia edildi.<\/p>\n<p>Bu nedenle &#8220;Su-24M&#8221; <strong>sava\u015f u\u00e7a\u011f\u0131<\/strong>n\u0131n havaland\u0131r\u0131ld\u0131\u011f\u0131 belirtilen a\u00e7\u0131klamada, &#8220;S\u0131n\u0131rlar\u0131 koruyan Rus gemisi, 12.06 ve 12.08&#8217;de \u0130ngiliz gemisine uyar\u0131 ate\u015fi a\u00e7t\u0131. Su-24M, dokuz dakika sonra Defender gemisinin rotas\u0131na y\u00f6nelik bombalama uyar\u0131s\u0131 yapt\u0131&#8221; ifadelerine yer verildi.<\/p>\n<p>A\u00e7\u0131klamada, Rusya&#8217;n\u0131n Karadeniz Filosu ve Rusya Federal G\u00fcvenlik Servisi&#8217;ne (FSB) ba\u011fl\u0131 s\u0131n\u0131r muhaf\u0131zlar\u0131n\u0131n ortak eylemleriyle \u0130ngiliz sava\u015f gemisinin s\u0131n\u0131r\u0131 terk eti\u011fi ve olayla ilgili \u0130ngiltere&#8217;nin Moskova B\u00fcy\u00fckel\u00e7ili\u011findeki askeri ata\u015fesinin Rusya Savunma Bakanl\u0131\u011f\u0131na \u00e7a\u011fr\u0131ld\u0131\u011f\u0131 kaydedildi.<\/p><div id=\"briti-1050184705\" class=\"briti-icerik\" style=\"margin-top: 5px;margin-bottom: 5px;\"><a href=\"https:\/\/piaryum.com\/services\/\" aria-label=\"piaryum banner\"><img loading=\"lazy\" decoding=\"async\" src=\"https:\/\/by-tv.co.uk\/wp-content\/uploads\/2025\/12\/Gemini_Generated_Image_g5yqr1g5yqr1g5yq.jpg\" alt=\"\"  width=\"2064\" height=\"1152\"   \/><\/a><\/div>\n<p><strong>\u0130NG\u0130LTERE REDDETT\u0130<\/strong><\/p>\n<p>\u0130ngiltere, Rus u\u00e7a\u011f\u0131n\u0131n Karadeniz&#8217;de s\u0131n\u0131r ihlali yapt\u0131\u011f\u0131 gerek\u00e7esiyle \u0130ngiliz sava\u015f gemisine uyar\u0131 ate\u015fi a\u00e7t\u0131\u011f\u0131 iddialar\u0131n\u0131 reddetti.<\/p>\n<p>\u0130ngiltere Savunma Bakanl\u0131\u011f\u0131 Bas\u0131n Ofisinden yap\u0131lan a\u00e7\u0131klamada, &#8220;HMS Defender&#8217;a uyar\u0131 ate\u015fi yap\u0131lmad\u0131. Kraliyet Donanmas\u0131 gemisi, uluslararas\u0131 hukuka uygun olarak Ukrayna karasular\u0131ndan zarars\u0131z ge\u00e7i\u015f yap\u0131yor&#8221; ifadeleri kullan\u0131ld\u0131.<\/p>\n<p>Ruslar\u0131n, Karadeniz&#8217;de bir top\u00e7u tatbikat\u0131 yapt\u0131klar\u0131na ve denizcilik toplulu\u011funa faaliyetleri hakk\u0131nda \u00f6nceden uyar\u0131da bulunduklar\u0131na inan\u0131ld\u0131\u011f\u0131 belirtilen a\u00e7\u0131klamada, &#8220;HMS Defender&#8217;a hi\u00e7bir uyar\u0131 at\u0131\u015f\u0131 yap\u0131lmad\u0131 ve yoluna bomba d\u00fc\u015ft\u00fc\u011f\u00fc iddias\u0131n\u0131 tan\u0131m\u0131yoruz&#8221; denildi.<\/p>\n<div id=\"briti-2431165386\" class=\"briti-icerikten-sonra_2\" style=\"margin-top: 25px;margin-bottom: 25px;\"><a href=\"https:\/\/wa.me\/message\/NDZLLIOQT4H3O1\" aria-label=\"bytv reklam banner\"><img loading=\"lazy\" decoding=\"async\" src=\"https:\/\/by-tv.co.uk\/wp-content\/uploads\/2025\/12\/bytv-reklam-banner.jpg\" alt=\"\"  width=\"2376\" height=\"1008\"   \/><\/a><\/div>","protected":false},"excerpt":{"rendered":"<p>Rusya Savunma Bakanl\u0131\u011f\u0131ndan yap\u0131lan a\u00e7\u0131klamada, \u0130ngiltere&#8216;ye ait &#8220;Defender&#8221; sava\u015f gemisinin, Rusya taraf\u0131ndan yasa d\u0131\u015f\u0131 ilhak edilen K\u0131r\u0131m&#8217;\u0131n g\u00fcneybat\u0131s\u0131nda bulunan Felenk&#8217;te s\u0131n\u0131r\u0131 ihlal etti\u011fi iddia edildi. Bu nedenle &#8220;Su-24M&#8221; sava\u015f u\u00e7a\u011f\u0131n\u0131n havaland\u0131r\u0131ld\u0131\u011f\u0131 belirtilen a\u00e7\u0131klamada, &#8220;S\u0131n\u0131rlar\u0131 koruyan Rus gemisi, 12.06 ve 12.08&#8217;de \u0130ngiliz gemisine uyar\u0131 ate\u015fi a\u00e7t\u0131. Su-24M, dokuz dakika sonra Defender gemisinin rotas\u0131na y\u00f6nelik bombalama uyar\u0131s\u0131 yapt\u0131&#8221; ifadelerine yer verildi. A\u00e7\u0131klamada, Rusya&#8217;n\u0131n Karadeniz Filosu ve Rusya Federal G\u00fcvenlik Servisi&#8217;ne (FSB) ba\u011fl\u0131 s\u0131n\u0131r muhaf\u0131zlar\u0131n\u0131n ortak eylemleriyle \u0130ngiliz sava\u015f gemisinin s\u0131n\u0131r\u0131 terk eti\u011fi ve olayla ilgili \u0130ngiltere&#8217;nin Moskova B\u00fcy\u00fckel\u00e7ili\u011findeki askeri ata\u015fesinin Rusya Savunma Bakanl\u0131\u011f\u0131na \u00e7a\u011fr\u0131ld\u0131\u011f\u0131 kaydedildi. \u0130NG\u0130LTERE REDDETT\u0130 \u0130ngiltere, Rus u\u00e7a\u011f\u0131n\u0131n Karadeniz&#8217;de s\u0131n\u0131r [&hellip;]<\/p>\n","protected":false},"author":7,"featured_media":10615,"comment_status":"open","ping_status":"open","sticky":false,"template":"","format":"standard","meta":{"ngg_post_thumbnail":0,"footnotes":""},"categories":[1],"tags":[149,1534,572,3372,3371],"class_list":["post-10614","post","type-post","status-publish","format-standard","has-post-thumbnail","hentry","category-genel","tag-ingiltere","tag-karadeniz","tag-rusya","tag-savas-gemisi","tag-savas-ucagi"],"_links":{"self":[{"href":"https:\/\/by-tv.co.uk\/en\/wp-json\/wp\/v2\/posts\/10614","targetHints":{"allow":["GET"]}}],"collection":[{"href":"https:\/\/by-tv.co.uk\/en\/wp-json\/wp\/v2\/posts"}],"about":[{"href":"https:\/\/by-tv.co.uk\/en\/wp-json\/wp\/v2\/types\/post"}],"author":[{"embeddable":true,"href":"https:\/\/by-tv.co.uk\/en\/wp-json\/wp\/v2\/users\/7"}],"replies":[{"embeddable":true,"href":"https:\/\/by-tv.co.uk\/en\/wp-json\/wp\/v2\/comments?post=10614"}],"version-history":[{"count":0,"href":"https:\/\/by-tv.co.uk\/en\/wp-json\/wp\/v2\/posts\/10614\/revisions"}],"wp:featuredmedia":[{"embeddable":true,"href":"https:\/\/by-tv.co.uk\/en\/wp-json\/wp\/v2\/media\/10615"}],"wp:attachment":[{"href":"https:\/\/by-tv.co.uk\/en\/wp-json\/wp\/v2\/media?parent=10614"}],"wp:term":[{"taxonomy":"category","embeddable":true,"href":"https:\/\/by-tv.co.uk\/en\/wp-json\/wp\/v2\/categories?post=10614"},{"taxonomy":"post_tag","embeddable":true,"href":"https:\/\/by-tv.co.uk\/en\/wp-json\/wp\/v2\/tags?post=10614"}],"curies":[{"name":"wp","href":"https:\/\/api.w.org\/{rel}","templated":true}]}}