{"id":10611,"date":"2021-06-23T15:23:34","date_gmt":"2021-06-23T14:23:34","guid":{"rendered":"https:\/\/by-tv.co.uk\/?p=10611"},"modified":"2021-06-23T15:23:34","modified_gmt":"2021-06-23T14:23:34","slug":"dalian-atkinson-davasinda-ilk-karar","status":"publish","type":"post","link":"https:\/\/by-tv.co.uk\/en\/dalian-atkinson-davasinda-ilk-karar\/","title":{"rendered":"Dalian Atkinson davas\u0131nda ilk karar"},"content":{"rendered":"<p><strong>\u0130ngiltere<\/strong>\u2019de eski futbolcu <strong>Dalian Atkinson<\/strong>, <strong>Birmingham<\/strong> kentinde 2016 y\u0131l\u0131nda polis taraf\u0131ndan \u00f6ld\u00fcr\u00fclm\u00fc\u015ft\u00fc. 5 y\u0131ld\u0131r devam eden davada j\u00fcri karar\u0131n\u0131 a\u00e7\u0131klad\u0131.<\/p>\n<p>J\u00fcri, polis memuru <strong>Benjamin Monk<\/strong>\u2019un adam \u00f6ld\u00fcrme su\u00e7undan ceza almas\u0131n\u0131 istedi. Son karar\u0131 davaya bakan hakim verecek.\u00a0San\u0131k <strong>polis<\/strong>in 8-16 y\u0131l aras\u0131nda hapis cezas\u0131 almas\u0131 bekleniyor.<\/p>\n<p><strong>Telford<\/strong> kentinde 2016 y\u0131l\u0131nda meydana gelen olayda polis ekibi, bir ihbar \u00fczerine olay yerine gitmi\u015fti. \u00a0Polisler, Dalian Atkinson&#8217;a \u015fok cihaz\u0131yla m\u00fcdahale etmi\u015fti. 48 ya\u015f\u0131ndaki Atkinson, kald\u0131r\u0131ld\u0131\u011f\u0131 hastanede ya\u015fam\u0131n\u0131 yitirmi\u015fti.<\/p><div id=\"briti-1334075234\" class=\"briti-icerik\" style=\"margin-top: 5px;margin-bottom: 5px;\"><a href=\"https:\/\/piaryum.com\/services\/\" aria-label=\"piaryum banner\"><img loading=\"lazy\" decoding=\"async\" src=\"https:\/\/by-tv.co.uk\/wp-content\/uploads\/2025\/12\/Gemini_Generated_Image_g5yqr1g5yqr1g5yq.jpg\" alt=\"\"  width=\"2064\" height=\"1152\"   \/><\/a><\/div>\n<p>Real Sociedad, Aston Villa, Manchester City gibi kul\u00fcplerde forma giyen Atkinson, 1995-1996 sezonunda <strong>Fenerbah\u00e7e<\/strong>\u2019de de oynam\u0131\u015ft\u0131.<\/p>\n<div id=\"briti-3930325877\" class=\"briti-icerikten-sonra_2\" style=\"margin-top: 25px;margin-bottom: 25px;\"><a href=\"https:\/\/wa.me\/message\/NDZLLIOQT4H3O1\" aria-label=\"bytv reklam banner\"><img loading=\"lazy\" decoding=\"async\" src=\"https:\/\/by-tv.co.uk\/wp-content\/uploads\/2025\/12\/bytv-reklam-banner.jpg\" alt=\"\"  width=\"2376\" height=\"1008\"   \/><\/a><\/div>","protected":false},"excerpt":{"rendered":"<p>\u0130ngiltere\u2019de eski futbolcu Dalian Atkinson, Birmingham kentinde 2016 y\u0131l\u0131nda polis taraf\u0131ndan \u00f6ld\u00fcr\u00fclm\u00fc\u015ft\u00fc. 5 y\u0131ld\u0131r devam eden davada j\u00fcri karar\u0131n\u0131 a\u00e7\u0131klad\u0131. J\u00fcri, polis memuru Benjamin Monk\u2019un adam \u00f6ld\u00fcrme su\u00e7undan ceza almas\u0131n\u0131 istedi. Son karar\u0131 davaya bakan hakim verecek.\u00a0San\u0131k polisin 8-16 y\u0131l aras\u0131nda hapis cezas\u0131 almas\u0131 bekleniyor. Telford kentinde 2016 y\u0131l\u0131nda meydana gelen olayda polis ekibi, bir ihbar \u00fczerine olay yerine gitmi\u015fti. \u00a0Polisler, Dalian Atkinson&#8217;a \u015fok cihaz\u0131yla m\u00fcdahale etmi\u015fti. 48 ya\u015f\u0131ndaki Atkinson, kald\u0131r\u0131ld\u0131\u011f\u0131 hastanede ya\u015fam\u0131n\u0131 yitirmi\u015fti. Real Sociedad, Aston Villa, Manchester City gibi kul\u00fcplerde forma giyen Atkinson, 1995-1996 sezonunda Fenerbah\u00e7e\u2019de de oynam\u0131\u015ft\u0131.<\/p>","protected":false},"author":7,"featured_media":10612,"comment_status":"open","ping_status":"open","sticky":false,"template":"","format":"standard","meta":{"ngg_post_thumbnail":0,"footnotes":""},"categories":[15],"tags":[3370,306,1193,149,207],"class_list":["post-10611","post","type-post","status-publish","format-standard","has-post-thumbnail","hentry","category-ingiltere","tag-dalian-atkinson","tag-dava","tag-fenerbahce","tag-ingiltere","tag-polis"],"_links":{"self":[{"href":"https:\/\/by-tv.co.uk\/en\/wp-json\/wp\/v2\/posts\/10611","targetHints":{"allow":["GET"]}}],"collection":[{"href":"https:\/\/by-tv.co.uk\/en\/wp-json\/wp\/v2\/posts"}],"about":[{"href":"https:\/\/by-tv.co.uk\/en\/wp-json\/wp\/v2\/types\/post"}],"author":[{"embeddable":true,"href":"https:\/\/by-tv.co.uk\/en\/wp-json\/wp\/v2\/users\/7"}],"replies":[{"embeddable":true,"href":"https:\/\/by-tv.co.uk\/en\/wp-json\/wp\/v2\/comments?post=10611"}],"version-history":[{"count":0,"href":"https:\/\/by-tv.co.uk\/en\/wp-json\/wp\/v2\/posts\/10611\/revisions"}],"wp:featuredmedia":[{"embeddable":true,"href":"https:\/\/by-tv.co.uk\/en\/wp-json\/wp\/v2\/media\/10612"}],"wp:attachment":[{"href":"https:\/\/by-tv.co.uk\/en\/wp-json\/wp\/v2\/media?parent=10611"}],"wp:term":[{"taxonomy":"category","embeddable":true,"href":"https:\/\/by-tv.co.uk\/en\/wp-json\/wp\/v2\/categories?post=10611"},{"taxonomy":"post_tag","embeddable":true,"href":"https:\/\/by-tv.co.uk\/en\/wp-json\/wp\/v2\/tags?post=10611"}],"curies":[{"name":"wp","href":"https:\/\/api.w.org\/{rel}","templated":true}]}}