{"id":10543,"date":"2021-06-22T09:46:07","date_gmt":"2021-06-22T08:46:07","guid":{"rendered":"https:\/\/by-tv.co.uk\/?p=10543"},"modified":"2021-06-22T09:47:23","modified_gmt":"2021-06-22T08:47:23","slug":"turkiyede-asi-yasi-25e-indi","status":"publish","type":"post","link":"https:\/\/by-tv.co.uk\/en\/turkiyede-asi-yasi-25e-indi\/","title":{"rendered":"T\u00fcrkiye\u2019de a\u015f\u0131 ya\u015f\u0131 25\u2019e indi"},"content":{"rendered":"<p><strong>Sa\u011fl\u0131k Bakan\u0131 Fahrettin Koca<\/strong>, <strong>Covid-19 a\u015f\u0131 randevusu<\/strong>nda ya\u015f s\u0131n\u0131r\u0131n\u0131n 25&#8217;e indi\u011fini, yar\u0131ndan itibaren randevular\u0131n al\u0131nabilece\u011fini a\u00e7\u0131klad\u0131.<\/p>\n<p>Koca, Twitter hesab\u0131ndan yapt\u0131\u011f\u0131 payla\u015f\u0131mda, &#8220;A\u015f\u0131 randevular\u0131nda ya\u015f s\u0131n\u0131r\u0131 25&#8217;e indi. Randevu alan gen\u00e7ler, a\u015f\u0131 olmay\u0131 ertelemi\u015f b\u00fcy\u00fckleri varsa konu\u015fup, randevu i\u00e7in yard\u0131mc\u0131 olsun. \u0130lk randevular yar\u0131n. Gen\u00e7lik salg\u0131na kar\u015f\u0131 harekete ge\u00e7sin&#8221; ifadelerini kulland\u0131.<\/p>\n<p>21 Haziran saat 23.20 itibar\u0131yla uygulanan birinci doz a\u015f\u0131 say\u0131s\u0131 28 milyon 279 bin 203, ikinci doz a\u015f\u0131 14 milyon 500 bin 796 oldu. B\u00f6ylece doz miktar\u0131 42 milyon 779 bin 999&#8217;a y\u00fckseldi.<\/p><div id=\"briti-148926435\" class=\"briti-icerik\" style=\"margin-top: 5px;margin-bottom: 5px;\"><a href=\"https:\/\/piaryum.com\/services\/\" aria-label=\"piaryum banner\"><img loading=\"lazy\" decoding=\"async\" src=\"https:\/\/by-tv.co.uk\/wp-content\/uploads\/2025\/12\/Gemini_Generated_Image_g5yqr1g5yqr1g5yq.jpg\" alt=\"\"  width=\"2064\" height=\"1152\"   \/><\/a><\/div>\n<p>T\u00fcrkiye&#8217;de d\u00fcn <strong>Corona vir\u00fcs <\/strong>nedeniyle 51 ki\u015fi ya\u015fam\u0131n\u0131 yitirirken, 5 bin 294 yeni vaka tespit edilmi\u015fti.<\/p>\n<div id=\"briti-1639716740\" class=\"briti-icerikten-sonra_2\" style=\"margin-top: 25px;margin-bottom: 25px;\"><a href=\"https:\/\/wa.me\/message\/NDZLLIOQT4H3O1\" aria-label=\"bytv reklam banner\"><img loading=\"lazy\" decoding=\"async\" src=\"https:\/\/by-tv.co.uk\/wp-content\/uploads\/2025\/12\/bytv-reklam-banner.jpg\" alt=\"\"  width=\"2376\" height=\"1008\"   \/><\/a><\/div>","protected":false},"excerpt":{"rendered":"<p>Sa\u011fl\u0131k Bakan\u0131 Fahrettin Koca, Covid-19 a\u015f\u0131 randevusunda ya\u015f s\u0131n\u0131r\u0131n\u0131n 25&#8217;e indi\u011fini, yar\u0131ndan itibaren randevular\u0131n al\u0131nabilece\u011fini a\u00e7\u0131klad\u0131. Koca, Twitter hesab\u0131ndan yapt\u0131\u011f\u0131 payla\u015f\u0131mda, &#8220;A\u015f\u0131 randevular\u0131nda ya\u015f s\u0131n\u0131r\u0131 25&#8217;e indi. Randevu alan gen\u00e7ler, a\u015f\u0131 olmay\u0131 ertelemi\u015f b\u00fcy\u00fckleri varsa konu\u015fup, randevu i\u00e7in yard\u0131mc\u0131 olsun. \u0130lk randevular yar\u0131n. Gen\u00e7lik salg\u0131na kar\u015f\u0131 harekete ge\u00e7sin&#8221; ifadelerini kulland\u0131. 21 Haziran saat 23.20 itibar\u0131yla uygulanan birinci doz a\u015f\u0131 say\u0131s\u0131 28 milyon 279 bin 203, ikinci doz a\u015f\u0131 14 milyon 500 bin 796 oldu. B\u00f6ylece doz miktar\u0131 42 milyon 779 bin 999&#8217;a y\u00fckseldi. T\u00fcrkiye&#8217;de d\u00fcn Corona vir\u00fcs nedeniyle 51 ki\u015fi ya\u015fam\u0131n\u0131 yitirirken, 5 bin 294 yeni vaka tespit edilmi\u015fti.<\/p>","protected":false},"author":7,"featured_media":10544,"comment_status":"open","ping_status":"open","sticky":false,"template":"","format":"standard","meta":{"ngg_post_thumbnail":0,"footnotes":""},"categories":[13],"tags":[991,859,808,3350,144],"class_list":["post-10543","post","type-post","status-publish","format-standard","has-post-thumbnail","hentry","category-saglik","tag-asi","tag-corona-virus","tag-covid-19","tag-randevu","tag-turkiye"],"_links":{"self":[{"href":"https:\/\/by-tv.co.uk\/en\/wp-json\/wp\/v2\/posts\/10543","targetHints":{"allow":["GET"]}}],"collection":[{"href":"https:\/\/by-tv.co.uk\/en\/wp-json\/wp\/v2\/posts"}],"about":[{"href":"https:\/\/by-tv.co.uk\/en\/wp-json\/wp\/v2\/types\/post"}],"author":[{"embeddable":true,"href":"https:\/\/by-tv.co.uk\/en\/wp-json\/wp\/v2\/users\/7"}],"replies":[{"embeddable":true,"href":"https:\/\/by-tv.co.uk\/en\/wp-json\/wp\/v2\/comments?post=10543"}],"version-history":[{"count":0,"href":"https:\/\/by-tv.co.uk\/en\/wp-json\/wp\/v2\/posts\/10543\/revisions"}],"wp:featuredmedia":[{"embeddable":true,"href":"https:\/\/by-tv.co.uk\/en\/wp-json\/wp\/v2\/media\/10544"}],"wp:attachment":[{"href":"https:\/\/by-tv.co.uk\/en\/wp-json\/wp\/v2\/media?parent=10543"}],"wp:term":[{"taxonomy":"category","embeddable":true,"href":"https:\/\/by-tv.co.uk\/en\/wp-json\/wp\/v2\/categories?post=10543"},{"taxonomy":"post_tag","embeddable":true,"href":"https:\/\/by-tv.co.uk\/en\/wp-json\/wp\/v2\/tags?post=10543"}],"curies":[{"name":"wp","href":"https:\/\/api.w.org\/{rel}","templated":true}]}}