{"id":10522,"date":"2021-06-21T17:54:24","date_gmt":"2021-06-21T16:54:24","guid":{"rendered":"https:\/\/by-tv.co.uk\/?p=10522"},"modified":"2021-06-21T17:56:35","modified_gmt":"2021-06-21T16:56:35","slug":"kisitlamalar-1-temmuzda-kaldiriliyor","status":"publish","type":"post","link":"https:\/\/by-tv.co.uk\/en\/kisitlamalar-1-temmuzda-kaldiriliyor\/","title":{"rendered":"K\u0131s\u0131tlamalar 1 Temmuz&#8217;da kald\u0131r\u0131l\u0131yor"},"content":{"rendered":"<p><strong>Cumhurba\u015fkan\u0131 Recep Tayyip Erdo\u011fan<\/strong>, Kabine Toplant\u0131s\u0131n\u0131n ard\u0131ndan bas\u0131n toplant\u0131s\u0131 d\u00fczenledi.<\/p>\n<p>Cumhurba\u015fkan\u0131 Erdo\u011fan,<strong> Covid-19<\/strong> salg\u0131n\u0131yla m\u00fccadele kapsam\u0131nda al\u0131nan yeni kararlar\u0131 a\u00e7\u0131klad\u0131.<\/p>\n<p>Erdo\u011fan, \u015funlar\u0131 s\u00f6yledi:<\/p><div id=\"briti-4012725782\" class=\"briti-icerik\" style=\"margin-top: 5px;margin-bottom: 5px;\"><a href=\"https:\/\/piaryum.com\/services\/\" aria-label=\"piaryum banner\"><img loading=\"lazy\" decoding=\"async\" src=\"https:\/\/by-tv.co.uk\/wp-content\/uploads\/2025\/12\/Gemini_Generated_Image_g5yqr1g5yqr1g5yq.jpg\" alt=\"\"  width=\"2064\" height=\"1152\"   \/><\/a><\/div>\n<p>&#8220;Son bir haftada n\u00fcfusuna oranla d\u00fcnyada en \u00e7ok a\u015f\u0131 yapan \u00fclke konumunday\u0131z. Hedefimiz birka\u00e7 hafta i\u00e7erisinde a\u015f\u0131lamay\u0131 18 ya\u015f \u00fczerindeki n\u00fcfusumuzun tamam\u0131na a\u00e7makt\u0131r.<\/p>\n<p>1 Temmuz&#8217;da ba\u015flamak \u00fczere <strong>soka\u011fa \u00e7\u0131kma k\u0131s\u0131tlama<\/strong>lar\u0131n\u0131 t\u00fcm\u00fcyle kald\u0131r\u0131yoruz. M\u00fczikle ilgili s\u0131n\u0131rlamay\u0131 da 24.00&#8217;e \u00e7ekiyoruz.<\/p>\n<p>\u015eehirler aras\u0131<strong> seyahat<\/strong> k\u0131s\u0131tlamalar\u0131yla \u015fehir i\u00e7i toplu ta\u015f\u0131ma ara\u00e7lar\u0131ndaki s\u0131n\u0131rlamalar sona eriyor. S\u0131ras\u0131 gelen herkesin<strong> a\u015f\u0131<\/strong> olmas\u0131 hayati \u00f6neme sahiptir.<\/p>\n<p>1 Temmuz itibar\u0131yla kamu kurum ve kurulu\u015flar\u0131nda normal mesai d\u00fczenine ge\u00e7iliyor.&#8221;<\/p>\n<div id=\"briti-3064591301\" class=\"briti-icerikten-sonra_2\" style=\"margin-top: 25px;margin-bottom: 25px;\"><a href=\"https:\/\/wa.me\/message\/NDZLLIOQT4H3O1\" aria-label=\"bytv reklam banner\"><img loading=\"lazy\" decoding=\"async\" src=\"https:\/\/by-tv.co.uk\/wp-content\/uploads\/2025\/12\/bytv-reklam-banner.jpg\" alt=\"\"  width=\"2376\" height=\"1008\"   \/><\/a><\/div>","protected":false},"excerpt":{"rendered":"<p>Cumhurba\u015fkan\u0131 Recep Tayyip Erdo\u011fan, Kabine Toplant\u0131s\u0131n\u0131n ard\u0131ndan bas\u0131n toplant\u0131s\u0131 d\u00fczenledi. Cumhurba\u015fkan\u0131 Erdo\u011fan, Covid-19 salg\u0131n\u0131yla m\u00fccadele kapsam\u0131nda al\u0131nan yeni kararlar\u0131 a\u00e7\u0131klad\u0131. Erdo\u011fan, \u015funlar\u0131 s\u00f6yledi: &#8220;Son bir haftada n\u00fcfusuna oranla d\u00fcnyada en \u00e7ok a\u015f\u0131 yapan \u00fclke konumunday\u0131z. Hedefimiz birka\u00e7 hafta i\u00e7erisinde a\u015f\u0131lamay\u0131 18 ya\u015f \u00fczerindeki n\u00fcfusumuzun tamam\u0131na a\u00e7makt\u0131r. 1 Temmuz&#8217;da ba\u015flamak \u00fczere soka\u011fa \u00e7\u0131kma k\u0131s\u0131tlamalar\u0131n\u0131 t\u00fcm\u00fcyle kald\u0131r\u0131yoruz. M\u00fczikle ilgili s\u0131n\u0131rlamay\u0131 da 24.00&#8217;e \u00e7ekiyoruz. \u015eehirler aras\u0131 seyahat k\u0131s\u0131tlamalar\u0131yla \u015fehir i\u00e7i toplu ta\u015f\u0131ma ara\u00e7lar\u0131ndaki s\u0131n\u0131rlamalar sona eriyor. S\u0131ras\u0131 gelen herkesin a\u015f\u0131 olmas\u0131 hayati \u00f6neme sahiptir. 1 Temmuz itibar\u0131yla kamu kurum ve kurulu\u015flar\u0131nda normal mesai d\u00fczenine ge\u00e7iliyor.&#8221;<\/p>","protected":false},"author":7,"featured_media":10523,"comment_status":"open","ping_status":"open","sticky":false,"template":"","format":"standard","meta":{"ngg_post_thumbnail":0,"footnotes":""},"categories":[5],"tags":[859,808,1612,2276],"class_list":["post-10522","post","type-post","status-publish","format-standard","has-post-thumbnail","hentry","category-haber","tag-corona-virus","tag-covid-19","tag-cumhurbaskani-recep-tayyip-erdogan","tag-kisitlama"],"_links":{"self":[{"href":"https:\/\/by-tv.co.uk\/en\/wp-json\/wp\/v2\/posts\/10522","targetHints":{"allow":["GET"]}}],"collection":[{"href":"https:\/\/by-tv.co.uk\/en\/wp-json\/wp\/v2\/posts"}],"about":[{"href":"https:\/\/by-tv.co.uk\/en\/wp-json\/wp\/v2\/types\/post"}],"author":[{"embeddable":true,"href":"https:\/\/by-tv.co.uk\/en\/wp-json\/wp\/v2\/users\/7"}],"replies":[{"embeddable":true,"href":"https:\/\/by-tv.co.uk\/en\/wp-json\/wp\/v2\/comments?post=10522"}],"version-history":[{"count":0,"href":"https:\/\/by-tv.co.uk\/en\/wp-json\/wp\/v2\/posts\/10522\/revisions"}],"wp:featuredmedia":[{"embeddable":true,"href":"https:\/\/by-tv.co.uk\/en\/wp-json\/wp\/v2\/media\/10523"}],"wp:attachment":[{"href":"https:\/\/by-tv.co.uk\/en\/wp-json\/wp\/v2\/media?parent=10522"}],"wp:term":[{"taxonomy":"category","embeddable":true,"href":"https:\/\/by-tv.co.uk\/en\/wp-json\/wp\/v2\/categories?post=10522"},{"taxonomy":"post_tag","embeddable":true,"href":"https:\/\/by-tv.co.uk\/en\/wp-json\/wp\/v2\/tags?post=10522"}],"curies":[{"name":"wp","href":"https:\/\/api.w.org\/{rel}","templated":true}]}}