{"id":10515,"date":"2021-06-21T14:45:15","date_gmt":"2021-06-21T13:45:15","guid":{"rendered":"https:\/\/by-tv.co.uk\/?p=10515"},"modified":"2021-06-21T14:52:29","modified_gmt":"2021-06-21T13:52:29","slug":"wimbledon-elemelerinde-4-turk-tenisci-mucadele-edecek","status":"publish","type":"post","link":"https:\/\/by-tv.co.uk\/en\/wimbledon-elemelerinde-4-turk-tenisci-mucadele-edecek\/","title":{"rendered":"Wimbledon elemelerinde 4 T\u00fcrk tenis\u00e7i m\u00fccadele edecek"},"content":{"rendered":"<p>\u0130ngiltere&#8217;nin ba\u015fkenti Londra&#8217;da d\u00fczenlenen turnuvada milli tenis\u00e7iler \u00c7a\u011fla B\u00fcy\u00fckak\u00e7ay, Cem \u0130lkel, Pemra \u00d6zgen ve Altu\u011f \u00c7elikbilek ana tablo m\u00fccadelesi verecek.<\/p>\n<p>Wimbledon elemelerinde erkekler kategorisinin kuralar\u0131 \u00e7ekilirken, kad\u0131nlarda ise e\u015fle\u015fmeler bug\u00fcn belli olacak.<\/p>\n<p>D\u00fcnya s\u0131ralamas\u0131nda ge\u00e7en hafta itibar\u0131yla 189. basamakta yer alan ve profesyonel kariyerinin en iyi s\u0131ralamas\u0131n\u0131 elde eden 25 ya\u015f\u0131ndaki Cem \u0130lkel, 8. kez grand slam arenas\u0131na \u00e7\u0131kacak.<\/p><div id=\"briti-3377009098\" class=\"briti-icerik\" style=\"margin-top: 5px;margin-bottom: 5px;\"><a href=\"https:\/\/piaryum.com\/services\/\" aria-label=\"piaryum banner\"><img loading=\"lazy\" decoding=\"async\" src=\"https:\/\/by-tv.co.uk\/wp-content\/uploads\/2025\/12\/Gemini_Generated_Image_g5yqr1g5yqr1g5yq.jpg\" alt=\"\"  width=\"2064\" height=\"1152\"   \/><\/a><\/div>\n<div id=\"attachment_10519\" style=\"width: 1450px\" class=\"wp-caption alignleft\"><img loading=\"lazy\" decoding=\"async\" aria-describedby=\"caption-attachment-10519\" class=\"wp-image-10519 size-full\" src=\"https:\/\/by-tv.co.uk\/wp-content\/uploads\/2021\/06\/166691019_10158331688043732_5384618450772173115_n.jpg\" alt=\"\" width=\"1440\" height=\"1440\" title=\"\"><p id=\"caption-attachment-10519\" class=\"wp-caption-text\">Kaynak: Wimbledon<\/p><\/div>\n<p>Cem \u0130lkel, elemelerin ilk turunda 21 ya\u015f\u0131ndaki Arjantinli Tomas Martin Etcheverry ile e\u015fle\u015fti. Milli tenis\u00e7i ile Etcheverry, bu sene d\u00fczenlenen Antalya Challenger&#8217;da kar\u015f\u0131 kar\u015f\u0131ya gelmi\u015f, kazanan Cem olmu\u015ftu.<\/p>\n<p>\u0130lk grand slam heyecan\u0131n\u0131 bu y\u0131l Roland Garros&#8217;ta ya\u015fayan Altu\u011f \u00c7elikbilek, kariyerinde ilk kez Wimbledon Elemeleri&#8217;nde boy g\u00f6sterecek. 24 ya\u015f\u0131ndaki milli tenis\u00e7i, Wimbledon elemelerinin ilk turunda Frans\u0131z Constant Lestienne ile kar\u015f\u0131la\u015facak.<\/p>\n<p>Altu\u011f ile Lestienne daha \u00f6nce bir kez 2020 y\u0131l\u0131 Quimper Challenger&#8217;da kar\u015f\u0131la\u015fm\u0131\u015f ve m\u00fcsabaka 29 ya\u015f\u0131ndaki Frans\u0131z sporcunun \u00fcst\u00fcnl\u00fc\u011f\u00fcyle sonu\u00e7lanm\u0131\u015ft\u0131.<\/p>\n<p>AA<\/p>\n<div id=\"briti-673621476\" class=\"briti-icerikten-sonra_2\" style=\"margin-top: 25px;margin-bottom: 25px;\"><a href=\"https:\/\/wa.me\/message\/NDZLLIOQT4H3O1\" aria-label=\"bytv reklam banner\"><img loading=\"lazy\" decoding=\"async\" src=\"https:\/\/by-tv.co.uk\/wp-content\/uploads\/2025\/12\/bytv-reklam-banner.jpg\" alt=\"\"  width=\"2376\" height=\"1008\"   \/><\/a><\/div>","protected":false},"excerpt":{"rendered":"<p>\u0130ngiltere&#8217;nin ba\u015fkenti Londra&#8217;da d\u00fczenlenen turnuvada milli tenis\u00e7iler \u00c7a\u011fla B\u00fcy\u00fckak\u00e7ay, Cem \u0130lkel, Pemra \u00d6zgen ve Altu\u011f \u00c7elikbilek ana tablo m\u00fccadelesi verecek. Wimbledon elemelerinde erkekler kategorisinin kuralar\u0131 \u00e7ekilirken, kad\u0131nlarda ise e\u015fle\u015fmeler bug\u00fcn belli olacak. D\u00fcnya s\u0131ralamas\u0131nda ge\u00e7en hafta itibar\u0131yla 189. basamakta yer alan ve profesyonel kariyerinin en iyi s\u0131ralamas\u0131n\u0131 elde eden 25 ya\u015f\u0131ndaki Cem \u0130lkel, 8. kez grand slam arenas\u0131na \u00e7\u0131kacak. Cem \u0130lkel, elemelerin ilk turunda 21 ya\u015f\u0131ndaki Arjantinli Tomas Martin Etcheverry ile e\u015fle\u015fti. Milli tenis\u00e7i ile Etcheverry, bu sene d\u00fczenlenen Antalya Challenger&#8217;da kar\u015f\u0131 kar\u015f\u0131ya gelmi\u015f, kazanan Cem olmu\u015ftu. \u0130lk grand slam heyecan\u0131n\u0131 bu y\u0131l Roland Garros&#8217;ta ya\u015fayan Altu\u011f \u00c7elikbilek, kariyerinde ilk [&hellip;]<\/p>\n","protected":false},"author":1,"featured_media":10516,"comment_status":"open","ping_status":"open","sticky":false,"template":"","format":"standard","meta":{"ngg_post_thumbnail":0,"footnotes":""},"categories":[15],"tags":[],"class_list":["post-10515","post","type-post","status-publish","format-standard","has-post-thumbnail","hentry","category-ingiltere"],"_links":{"self":[{"href":"https:\/\/by-tv.co.uk\/en\/wp-json\/wp\/v2\/posts\/10515","targetHints":{"allow":["GET"]}}],"collection":[{"href":"https:\/\/by-tv.co.uk\/en\/wp-json\/wp\/v2\/posts"}],"about":[{"href":"https:\/\/by-tv.co.uk\/en\/wp-json\/wp\/v2\/types\/post"}],"author":[{"embeddable":true,"href":"https:\/\/by-tv.co.uk\/en\/wp-json\/wp\/v2\/users\/1"}],"replies":[{"embeddable":true,"href":"https:\/\/by-tv.co.uk\/en\/wp-json\/wp\/v2\/comments?post=10515"}],"version-history":[{"count":0,"href":"https:\/\/by-tv.co.uk\/en\/wp-json\/wp\/v2\/posts\/10515\/revisions"}],"wp:featuredmedia":[{"embeddable":true,"href":"https:\/\/by-tv.co.uk\/en\/wp-json\/wp\/v2\/media\/10516"}],"wp:attachment":[{"href":"https:\/\/by-tv.co.uk\/en\/wp-json\/wp\/v2\/media?parent=10515"}],"wp:term":[{"taxonomy":"category","embeddable":true,"href":"https:\/\/by-tv.co.uk\/en\/wp-json\/wp\/v2\/categories?post=10515"},{"taxonomy":"post_tag","embeddable":true,"href":"https:\/\/by-tv.co.uk\/en\/wp-json\/wp\/v2\/tags?post=10515"}],"curies":[{"name":"wp","href":"https:\/\/api.w.org\/{rel}","templated":true}]}}