{"id":10393,"date":"2021-06-16T12:27:46","date_gmt":"2021-06-16T11:27:46","guid":{"rendered":"https:\/\/by-tv.co.uk\/?p=10393"},"modified":"2021-06-16T12:30:44","modified_gmt":"2021-06-16T11:30:44","slug":"ingilterede-yasli-bakim-asi","status":"publish","type":"post","link":"https:\/\/by-tv.co.uk\/en\/ingilterede-yasli-bakim-asi\/","title":{"rendered":"\u0130ngiltere&#8217;de ya\u015fl\u0131 bak\u0131m evlerinde \u00e7al\u0131\u015fanlar i\u00e7in Covid-19 a\u015f\u0131lar\u0131 zorunlu hale gelecek"},"content":{"rendered":"<p>BBC&#8217;nin haberine g\u00f6re, \u0130ngiltere&#8217;de ya\u015fl\u0131 bak\u0131m evlerinde \u00e7al\u0131\u015fanlar i\u00e7in Covid-19 a\u015f\u0131lar\u0131 zorunlu hale gelecek.<\/p>\n<p>Bak\u0131m personeline ve a\u015f\u0131n\u0131n zorunlu k\u0131l\u0131nd\u0131\u011f\u0131 di\u011fer alanlarda \u00e7al\u0131\u015fanlar\u0131n i\u015flerini kaybetmemeleri i\u00e7in kendilerine 16 hafta s\u00fcre verilmesi bekleniyor.<\/p>\n<p>\u0130lk olarak Guardian&#8217;da yer alan ve bu konunun \u00f6n\u00fcm\u00fczdeki birka\u00e7 g\u00fcn i\u00e7inde h\u00fck\u00fcmet taraf\u0131ndan duyurulmas\u0131 bekleniyor.<\/p><div id=\"briti-49698242\" class=\"briti-icerik\" style=\"margin-top: 5px;margin-bottom: 5px;\"><a href=\"https:\/\/piaryum.com\/services\/\" aria-label=\"piaryum banner\"><img loading=\"lazy\" decoding=\"async\" src=\"https:\/\/by-tv.co.uk\/wp-content\/uploads\/2025\/12\/Gemini_Generated_Image_g5yqr1g5yqr1g5yq.jpg\" alt=\"\"  width=\"2064\" height=\"1152\"   \/><\/a><\/div>\n<blockquote class=\"twitter-tweet\">\n<p dir=\"ltr\" lang=\"en\">If you\u2019re aged 21 or over, or if you turn 21 before 1 July 2021, you can now book your COVID-19 vaccine.<\/p>\n<p>Find out more. \u27a1\ufe0f <a href=\"https:\/\/t.co\/qRqdKuCXTP\">https:\/\/t.co\/qRqdKuCXTP<\/a> <a href=\"https:\/\/t.co\/x0gYs8nhFz\">pic.twitter.com\/x0gYs8nhFz<\/a><\/p>\n<p>\u2014 NHS England and NHS Improvement (@NHSEngland) <a href=\"https:\/\/twitter.com\/NHSEngland\/status\/1405058249003614209?ref_src=twsrc%5Etfw\" target=\"_blank\" rel=\"noopener\">June 16, 2021<\/a><\/p><\/blockquote>\n<p><script async=\"\" src=\"https:\/\/platform.twitter.com\/widgets.js\" charset=\"utf-8\"><\/script><br \/>\nDi\u011fer sa\u011fl\u0131k ve bak\u0131m personeli i\u00e7in de benzer bir kural \u00fczerinde isti\u015farelerin ba\u015flayaca\u011f\u0131 belirtiliyor.<\/p>\n<p>Bak\u0131m kurulu\u015flar\u0131, zorunlu a\u015f\u0131lar\u0131n zaten yeterli miktarda personel bulmakta zorlanan bir sekt\u00f6rde bu geli\u015fmenin farkl\u0131 zorluklara yol a\u00e7abilece\u011fi konusunda uyard\u0131lar.<\/p>\n<p>Ancak h\u00fck\u00fcmetin, Londra da dahil olmak \u00fczere baz\u0131 b\u00f6lgelerde a\u015f\u0131lama say\u0131lar\u0131n\u0131n d\u00fc\u015f\u00fck kal\u0131nd\u0131\u011f\u0131 konusunda \u00f6nemli endi\u015feleri oldu\u011funa inan\u0131l\u0131yor.<br \/>\n&nbsp;<\/p>\n<div id=\"briti-128488160\" class=\"briti-icerikten-sonra_2\" style=\"margin-top: 25px;margin-bottom: 25px;\"><a href=\"https:\/\/wa.me\/message\/NDZLLIOQT4H3O1\" aria-label=\"bytv reklam banner\"><img loading=\"lazy\" decoding=\"async\" src=\"https:\/\/by-tv.co.uk\/wp-content\/uploads\/2025\/12\/bytv-reklam-banner.jpg\" alt=\"\"  width=\"2376\" height=\"1008\"   \/><\/a><\/div>","protected":false},"excerpt":{"rendered":"<p>BBC&#8217;nin haberine g\u00f6re, \u0130ngiltere&#8217;de ya\u015fl\u0131 bak\u0131m evlerinde \u00e7al\u0131\u015fanlar i\u00e7in Covid-19 a\u015f\u0131lar\u0131 zorunlu hale gelecek. Bak\u0131m personeline ve a\u015f\u0131n\u0131n zorunlu k\u0131l\u0131nd\u0131\u011f\u0131 di\u011fer alanlarda \u00e7al\u0131\u015fanlar\u0131n i\u015flerini kaybetmemeleri i\u00e7in kendilerine 16 hafta s\u00fcre verilmesi bekleniyor. \u0130lk olarak Guardian&#8217;da yer alan ve bu konunun \u00f6n\u00fcm\u00fczdeki birka\u00e7 g\u00fcn i\u00e7inde h\u00fck\u00fcmet taraf\u0131ndan duyurulmas\u0131 bekleniyor. If you\u2019re aged 21 or over, or if you turn 21 before 1 July 2021, you can now book your COVID-19 vaccine. Find out more. \u27a1\ufe0f https:\/\/t.co\/qRqdKuCXTP pic.twitter.com\/x0gYs8nhFz \u2014 NHS England and NHS Improvement (@NHSEngland) June 16, 2021 Di\u011fer sa\u011fl\u0131k ve bak\u0131m personeli i\u00e7in de benzer bir kural \u00fczerinde isti\u015farelerin ba\u015flayaca\u011f\u0131 belirtiliyor. [&hellip;]<\/p>\n","protected":false},"author":1,"featured_media":10394,"comment_status":"open","ping_status":"open","sticky":false,"template":"","format":"standard","meta":{"ngg_post_thumbnail":0,"footnotes":""},"categories":[15],"tags":[3299,149,228,665,3300],"class_list":["post-10393","post","type-post","status-publish","format-standard","has-post-thumbnail","hentry","category-ingiltere","tag-bakimevi","tag-ingiltere","tag-londra","tag-saglik","tag-zorunlu-asi"],"_links":{"self":[{"href":"https:\/\/by-tv.co.uk\/en\/wp-json\/wp\/v2\/posts\/10393","targetHints":{"allow":["GET"]}}],"collection":[{"href":"https:\/\/by-tv.co.uk\/en\/wp-json\/wp\/v2\/posts"}],"about":[{"href":"https:\/\/by-tv.co.uk\/en\/wp-json\/wp\/v2\/types\/post"}],"author":[{"embeddable":true,"href":"https:\/\/by-tv.co.uk\/en\/wp-json\/wp\/v2\/users\/1"}],"replies":[{"embeddable":true,"href":"https:\/\/by-tv.co.uk\/en\/wp-json\/wp\/v2\/comments?post=10393"}],"version-history":[{"count":0,"href":"https:\/\/by-tv.co.uk\/en\/wp-json\/wp\/v2\/posts\/10393\/revisions"}],"wp:featuredmedia":[{"embeddable":true,"href":"https:\/\/by-tv.co.uk\/en\/wp-json\/wp\/v2\/media\/10394"}],"wp:attachment":[{"href":"https:\/\/by-tv.co.uk\/en\/wp-json\/wp\/v2\/media?parent=10393"}],"wp:term":[{"taxonomy":"category","embeddable":true,"href":"https:\/\/by-tv.co.uk\/en\/wp-json\/wp\/v2\/categories?post=10393"},{"taxonomy":"post_tag","embeddable":true,"href":"https:\/\/by-tv.co.uk\/en\/wp-json\/wp\/v2\/tags?post=10393"}],"curies":[{"name":"wp","href":"https:\/\/api.w.org\/{rel}","templated":true}]}}