{"id":10392,"date":"2021-06-16T12:27:08","date_gmt":"2021-06-16T11:27:08","guid":{"rendered":"https:\/\/by-tv.co.uk\/?p=10392"},"modified":"2021-06-16T12:27:08","modified_gmt":"2021-06-16T11:27:08","slug":"covid-19-asi-randevulari-21-yasina-kadar-dustu","status":"publish","type":"post","link":"https:\/\/by-tv.co.uk\/en\/covid-19-asi-randevulari-21-yasina-kadar-dustu\/","title":{"rendered":"Covid-19 a\u015f\u0131 randevular\u0131 21 ya\u015f\u0131na kadar d\u00fc\u015ft\u00fc"},"content":{"rendered":"<div class=\"\" data-block=\"true\" data-editor=\"ajotr\" data-offset-key=\"47gt0-0-0\">&nbsp;<\/div>\n<div class=\"\" data-block=\"true\" data-editor=\"ajotr\" data-offset-key=\"s4jf-0-0\">\n<div class=\"public-DraftStyleDefault-block public-DraftStyleDefault-ltr\" data-offset-key=\"s4jf-0-0\"><span data-offset-key=\"s4jf-0-0\"><span data-offset-key=\"s4jf-0-0\"> 21 ya\u015f\u0131ndaysan\u0131z veya daha b\u00fcy\u00fckseniz veya 1 Temmuz 2021&#8217;den \u00f6nce 21 ya\u015f\u0131na girecekseniz, \u015fimdi COVID-19 a\u015f\u0131s\u0131 i\u00e7in rezervasyon yapt\u0131rabilirsiniz.<\/span><\/span><\/p>\n<div class=\"\" data-block=\"true\" data-editor=\"ajotr\" data-offset-key=\"47gt0-0-0\">\n<div class=\"public-DraftStyleDefault-block public-DraftStyleDefault-ltr\" data-offset-key=\"47gt0-0-0\"><span style=\"font-size: 1.21429rem;\">Bu karar \u0130ngiltere&#8217;de ya\u015fayanlar veya \u015fu anda bu \u00fclkede bulunan herkes i\u00e7in ge\u00e7erlidir.<\/span><\/div>\n<\/div>\n<\/div>\n<\/div>\n<div class=\"\" data-block=\"true\" data-editor=\"ajotr\" data-offset-key=\"9urgn-0-0\">\n<div class=\"public-DraftStyleDefault-block public-DraftStyleDefault-ltr\" data-offset-key=\"9urgn-0-0\"><span data-offset-key=\"9urgn-0-0\">&nbsp;<\/span><\/div>\n<\/div>\n<div class=\"\" data-block=\"true\" data-editor=\"ajotr\" data-offset-key=\"20uiu-0-0\">\n<div class=\"public-DraftStyleDefault-block public-DraftStyleDefault-ltr\" data-offset-key=\"20uiu-0-0\"><span data-offset-key=\"20uiu-0-0\">https:\/\/www.nhs.uk\/conditions\/coronavirus-covid-19\/coronavirus-vaccination\/book-coronavirus-vaccination\/<\/span><\/div>\n<\/div>\n<p>https:\/\/publish.twitter.com\/?query=https%3A%2F%2Ftwitter.com%2FNHSEngland%2Fstatus%2F1405058249003614209&#038;widget=Tweet<\/p>\n<p>&nbsp;<\/p>\n<div id=\"briti-3803689899\" class=\"briti-icerikten-sonra_2\" style=\"margin-top: 25px;margin-bottom: 25px;\"><a href=\"https:\/\/wa.me\/message\/NDZLLIOQT4H3O1\" aria-label=\"bytv reklam banner\"><img loading=\"lazy\" decoding=\"async\" src=\"https:\/\/by-tv.co.uk\/wp-content\/uploads\/2025\/12\/bytv-reklam-banner.jpg\" alt=\"\"  width=\"2376\" height=\"1008\"   \/><\/a><\/div>","protected":false},"excerpt":{"rendered":"<p>&nbsp; 21 ya\u015f\u0131ndaysan\u0131z veya daha b\u00fcy\u00fckseniz veya 1 Temmuz 2021&#8217;den \u00f6nce 21 ya\u015f\u0131na girecekseniz, \u015fimdi COVID-19 a\u015f\u0131s\u0131 i\u00e7in rezervasyon yapt\u0131rabilirsiniz. Bu karar \u0130ngiltere&#8217;de ya\u015fayanlar veya \u015fu anda bu \u00fclkede bulunan herkes i\u00e7in ge\u00e7erlidir. &nbsp; https:\/\/www.nhs.uk\/conditions\/coronavirus-covid-19\/coronavirus-vaccination\/book-coronavirus-vaccination\/ https:\/\/publish.twitter.com\/?query=https%3A%2F%2Ftwitter.com%2FNHSEngland%2Fstatus%2F1405058249003614209&#038;widget=Tweet &nbsp;<\/p>","protected":false},"author":1,"featured_media":10292,"comment_status":"open","ping_status":"open","sticky":false,"template":"","format":"standard","meta":{"ngg_post_thumbnail":0,"footnotes":""},"categories":[15],"tags":[991,808,149],"class_list":["post-10392","post","type-post","status-publish","format-standard","has-post-thumbnail","hentry","category-ingiltere","tag-asi","tag-covid-19","tag-ingiltere"],"_links":{"self":[{"href":"https:\/\/by-tv.co.uk\/en\/wp-json\/wp\/v2\/posts\/10392","targetHints":{"allow":["GET"]}}],"collection":[{"href":"https:\/\/by-tv.co.uk\/en\/wp-json\/wp\/v2\/posts"}],"about":[{"href":"https:\/\/by-tv.co.uk\/en\/wp-json\/wp\/v2\/types\/post"}],"author":[{"embeddable":true,"href":"https:\/\/by-tv.co.uk\/en\/wp-json\/wp\/v2\/users\/1"}],"replies":[{"embeddable":true,"href":"https:\/\/by-tv.co.uk\/en\/wp-json\/wp\/v2\/comments?post=10392"}],"version-history":[{"count":0,"href":"https:\/\/by-tv.co.uk\/en\/wp-json\/wp\/v2\/posts\/10392\/revisions"}],"wp:featuredmedia":[{"embeddable":true,"href":"https:\/\/by-tv.co.uk\/en\/wp-json\/wp\/v2\/media\/10292"}],"wp:attachment":[{"href":"https:\/\/by-tv.co.uk\/en\/wp-json\/wp\/v2\/media?parent=10392"}],"wp:term":[{"taxonomy":"category","embeddable":true,"href":"https:\/\/by-tv.co.uk\/en\/wp-json\/wp\/v2\/categories?post=10392"},{"taxonomy":"post_tag","embeddable":true,"href":"https:\/\/by-tv.co.uk\/en\/wp-json\/wp\/v2\/tags?post=10392"}],"curies":[{"name":"wp","href":"https:\/\/api.w.org\/{rel}","templated":true}]}}