{"id":10319,"date":"2021-06-12T22:02:01","date_gmt":"2021-06-12T21:02:01","guid":{"rendered":"https:\/\/by-tv.co.uk\/?p=10319"},"modified":"2021-06-12T22:02:01","modified_gmt":"2021-06-12T21:02:01","slug":"euro-2020de-uzucu-olay-eriksenin-kalbi-durdu","status":"publish","type":"post","link":"https:\/\/by-tv.co.uk\/en\/euro-2020de-uzucu-olay-eriksenin-kalbi-durdu\/","title":{"rendered":"EURO 2020&#8217;de \u00fcz\u00fcc\u00fc olay: Eriksen&#8217;in kalbi durdu"},"content":{"rendered":"<div>Avrupa Futbol \u015eampiyonas\u0131 (EURO 2020) B Grubu&#8217;ndaki Danimarka-Finlandiya ma\u00e7\u0131, Danimarkal\u0131 oyuncu Christian Eriksen&#8217;in aniden yere y\u0131\u011f\u0131lmas\u0131 sonucu yar\u0131da kald\u0131.<\/div>\n<div>&nbsp;<\/div>\n<div>Danimarka&#8217;n\u0131n ba\u015fkenti Kopenhag&#8217;daki Parken Stad\u0131&#8217;nda oynanan m\u00fccadelenin ilk yar\u0131s\u0131nda futbolseverleri \u00fczen bir olay ya\u015fand\u0131.<\/div>\n<div>&nbsp;<\/div>\n<div>Eriksen, tak\u0131m arkada\u015f\u0131n\u0131n sol kanattan ta\u00e7 at\u0131\u015f\u0131n\u0131 kulland\u0131\u011f\u0131 42. dakikada kendisini yere b\u0131rakt\u0131. Olay sonras\u0131 sahaya giren sa\u011fl\u0131k ekipleri, 29 ya\u015f\u0131ndaki futbolcuya kalp masaj\u0131 yapt\u0131.<\/div>\n<div>&nbsp;<\/div>\n<div>Bu s\u0131rada Eriksen&#8217;in etraf\u0131nda \u00e7ember olu\u015fturan futbolcular, sa\u011fl\u0131k ekiplerinin m\u00fcdahalesini endi\u015feyle izledi.<\/div>\n<div>&nbsp;<\/div>\n<div>UEFA&#8217;dan yap\u0131lan a\u00e7\u0131klamada, m\u00fccadelenin t\u0131bbi acil durum nedeniyle ertelendi\u011fi belirtildi. Ma\u00e7\u0131n ne zaman oynanaca\u011f\u0131 hakk\u0131nda ise bilgi verilmedi.<\/div>\n<div id=\"briti-2433617356\" class=\"briti-icerikten-sonra_2\" style=\"margin-top: 25px;margin-bottom: 25px;\"><a href=\"https:\/\/wa.me\/message\/NDZLLIOQT4H3O1\" aria-label=\"bytv reklam banner\"><img loading=\"lazy\" decoding=\"async\" src=\"https:\/\/by-tv.co.uk\/wp-content\/uploads\/2025\/12\/bytv-reklam-banner.jpg\" alt=\"\"  width=\"2376\" height=\"1008\"   \/><\/a><\/div>","protected":false},"excerpt":{"rendered":"<p>Avrupa Futbol \u015eampiyonas\u0131 (EURO 2020) B Grubu&#8217;ndaki Danimarka-Finlandiya ma\u00e7\u0131, Danimarkal\u0131 oyuncu Christian Eriksen&#8217;in aniden yere y\u0131\u011f\u0131lmas\u0131 sonucu yar\u0131da kald\u0131. &nbsp; Danimarka&#8217;n\u0131n ba\u015fkenti Kopenhag&#8217;daki Parken Stad\u0131&#8217;nda oynanan m\u00fccadelenin ilk yar\u0131s\u0131nda futbolseverleri \u00fczen bir olay ya\u015fand\u0131. &nbsp; Eriksen, tak\u0131m arkada\u015f\u0131n\u0131n sol kanattan ta\u00e7 at\u0131\u015f\u0131n\u0131 kulland\u0131\u011f\u0131 42. dakikada kendisini yere b\u0131rakt\u0131. Olay sonras\u0131 sahaya giren sa\u011fl\u0131k ekipleri, 29 ya\u015f\u0131ndaki futbolcuya kalp masaj\u0131 yapt\u0131. &nbsp; Bu s\u0131rada Eriksen&#8217;in etraf\u0131nda \u00e7ember olu\u015fturan futbolcular, sa\u011fl\u0131k ekiplerinin m\u00fcdahalesini endi\u015feyle izledi. &nbsp; UEFA&#8217;dan yap\u0131lan a\u00e7\u0131klamada, m\u00fccadelenin t\u0131bbi acil durum nedeniyle ertelendi\u011fi belirtildi. Ma\u00e7\u0131n ne zaman oynanaca\u011f\u0131 hakk\u0131nda ise bilgi verilmedi.<\/p>","protected":false},"author":1,"featured_media":10320,"comment_status":"open","ping_status":"open","sticky":false,"template":"","format":"standard","meta":{"ngg_post_thumbnail":0,"footnotes":""},"categories":[1438],"tags":[],"class_list":["post-10319","post","type-post","status-publish","format-standard","has-post-thumbnail","hentry","category-spor"],"_links":{"self":[{"href":"https:\/\/by-tv.co.uk\/en\/wp-json\/wp\/v2\/posts\/10319","targetHints":{"allow":["GET"]}}],"collection":[{"href":"https:\/\/by-tv.co.uk\/en\/wp-json\/wp\/v2\/posts"}],"about":[{"href":"https:\/\/by-tv.co.uk\/en\/wp-json\/wp\/v2\/types\/post"}],"author":[{"embeddable":true,"href":"https:\/\/by-tv.co.uk\/en\/wp-json\/wp\/v2\/users\/1"}],"replies":[{"embeddable":true,"href":"https:\/\/by-tv.co.uk\/en\/wp-json\/wp\/v2\/comments?post=10319"}],"version-history":[{"count":0,"href":"https:\/\/by-tv.co.uk\/en\/wp-json\/wp\/v2\/posts\/10319\/revisions"}],"wp:featuredmedia":[{"embeddable":true,"href":"https:\/\/by-tv.co.uk\/en\/wp-json\/wp\/v2\/media\/10320"}],"wp:attachment":[{"href":"https:\/\/by-tv.co.uk\/en\/wp-json\/wp\/v2\/media?parent=10319"}],"wp:term":[{"taxonomy":"category","embeddable":true,"href":"https:\/\/by-tv.co.uk\/en\/wp-json\/wp\/v2\/categories?post=10319"},{"taxonomy":"post_tag","embeddable":true,"href":"https:\/\/by-tv.co.uk\/en\/wp-json\/wp\/v2\/tags?post=10319"}],"curies":[{"name":"wp","href":"https:\/\/api.w.org\/{rel}","templated":true}]}}