{"id":10310,"date":"2021-06-11T22:25:16","date_gmt":"2021-06-11T21:25:16","guid":{"rendered":"https:\/\/by-tv.co.uk\/?p=10310"},"modified":"2021-06-11T22:27:09","modified_gmt":"2021-06-11T21:27:09","slug":"turkiye-euro-2020ye-kotu-basladi","status":"publish","type":"post","link":"https:\/\/by-tv.co.uk\/en\/turkiye-euro-2020ye-kotu-basladi\/","title":{"rendered":"T\u00fcrkiye EURO 2020&#8217;ye k\u00f6t\u00fc ba\u015flad\u0131"},"content":{"rendered":"<div dir=\"auto\"><strong>T\u00fcrk Milli Futbol Tak\u0131m\u0131<\/strong>, 2020 Avrupa Futbol \u015eampiyonas\u0131&#8217;n\u0131n (<strong>EURO 2020<\/strong>) a\u00e7\u0131l\u0131\u015f ma\u00e7\u0131nda<strong> \u0130talya<\/strong>&#8216;ya ma\u011flup oldu.<\/div>\n<div dir=\"auto\"><\/div>\n<div dir=\"auto\">\u0130talya&#8217;n\u0131n <strong>Roma<\/strong> kentinde oynanan ma\u00e7\u0131n ilk yar\u0131s\u0131 0-0 sona erdi.<\/div>\n<div dir=\"auto\"><\/div>\n<div dir=\"auto\">\n<div dir=\"auto\">Kar\u015f\u0131la\u015fman\u0131n 53. dakikas\u0131nda Merih Demiral&#8217;\u0131n kendi kalesine att\u0131\u011f\u0131 golle \u0130talya 1-0 \u00f6ne ge\u00e7ti.<\/div>\n<div dir=\"auto\"><\/div>\n<div dir=\"auto\">Ma\u00e7\u0131n 66. dakikas\u0131nda \u0130talya, Immobile&#8217;nin gol\u00fcyle skoru 2-0 yapt\u0131.<\/div>\n<div dir=\"auto\"><\/div>\n<div dir=\"auto\">\u0130talya, 79. dakikada Insigne&#8217;nin gol\u00fcyle fark\u0131 3&#8217;e \u00e7\u0131kard\u0131.<\/div>\n<div dir=\"auto\"><\/div>\n<div dir=\"auto\">M\u00fccadelenin kalan dakikalar\u0131nda ba\u015fka gol olmad\u0131 ve \u0130talya sahadan 3-0 \u00fcst\u00fcn ayr\u0131ld\u0131.<\/div>\n<\/div>\n<div dir=\"auto\"><\/div>\n<div dir=\"auto\">Pandemi tedbirleri nedeniyle 70 bin ki\u015filik <strong>Roma Olimpiyat Stad\u0131<\/strong>&#8216;na 16 bin taraftar al\u0131nd\u0131. Trib\u00fcnlerde 3 bin de T\u00fcrk taraftar yer ald\u0131.<\/div>\n<div id=\"briti-4019954756\" class=\"briti-icerikten-sonra_2\" style=\"margin-top: 25px;margin-bottom: 25px;\"><a href=\"https:\/\/wa.me\/message\/NDZLLIOQT4H3O1\" aria-label=\"bytv reklam banner\"><img loading=\"lazy\" decoding=\"async\" src=\"https:\/\/by-tv.co.uk\/wp-content\/uploads\/2025\/12\/bytv-reklam-banner.jpg\" alt=\"\"  width=\"2376\" height=\"1008\"   \/><\/a><\/div>","protected":false},"excerpt":{"rendered":"<p>T\u00fcrk Milli Futbol Tak\u0131m\u0131, 2020 Avrupa Futbol \u015eampiyonas\u0131&#8217;n\u0131n (EURO 2020) a\u00e7\u0131l\u0131\u015f ma\u00e7\u0131nda \u0130talya&#8216;ya ma\u011flup oldu. \u0130talya&#8217;n\u0131n Roma kentinde oynanan ma\u00e7\u0131n ilk yar\u0131s\u0131 0-0 sona erdi. Kar\u015f\u0131la\u015fman\u0131n 53. dakikas\u0131nda Merih Demiral&#8217;\u0131n kendi kalesine att\u0131\u011f\u0131 golle \u0130talya 1-0 \u00f6ne ge\u00e7ti. Ma\u00e7\u0131n 66. dakikas\u0131nda \u0130talya, Immobile&#8217;nin gol\u00fcyle skoru 2-0 yapt\u0131. \u0130talya, 79. dakikada Insigne&#8217;nin gol\u00fcyle fark\u0131 3&#8217;e \u00e7\u0131kard\u0131. M\u00fccadelenin kalan dakikalar\u0131nda ba\u015fka gol olmad\u0131 ve \u0130talya sahadan 3-0 \u00fcst\u00fcn ayr\u0131ld\u0131. Pandemi tedbirleri nedeniyle 70 bin ki\u015filik Roma Olimpiyat Stad\u0131&#8216;na 16 bin taraftar al\u0131nd\u0131. Trib\u00fcnlerde 3 bin de T\u00fcrk taraftar yer ald\u0131.<\/p>","protected":false},"author":7,"featured_media":10311,"comment_status":"open","ping_status":"open","sticky":false,"template":"","format":"standard","meta":{"ngg_post_thumbnail":0,"footnotes":""},"categories":[1438],"tags":[],"class_list":["post-10310","post","type-post","status-publish","format-standard","has-post-thumbnail","hentry","category-spor"],"_links":{"self":[{"href":"https:\/\/by-tv.co.uk\/en\/wp-json\/wp\/v2\/posts\/10310","targetHints":{"allow":["GET"]}}],"collection":[{"href":"https:\/\/by-tv.co.uk\/en\/wp-json\/wp\/v2\/posts"}],"about":[{"href":"https:\/\/by-tv.co.uk\/en\/wp-json\/wp\/v2\/types\/post"}],"author":[{"embeddable":true,"href":"https:\/\/by-tv.co.uk\/en\/wp-json\/wp\/v2\/users\/7"}],"replies":[{"embeddable":true,"href":"https:\/\/by-tv.co.uk\/en\/wp-json\/wp\/v2\/comments?post=10310"}],"version-history":[{"count":0,"href":"https:\/\/by-tv.co.uk\/en\/wp-json\/wp\/v2\/posts\/10310\/revisions"}],"wp:featuredmedia":[{"embeddable":true,"href":"https:\/\/by-tv.co.uk\/en\/wp-json\/wp\/v2\/media\/10311"}],"wp:attachment":[{"href":"https:\/\/by-tv.co.uk\/en\/wp-json\/wp\/v2\/media?parent=10310"}],"wp:term":[{"taxonomy":"category","embeddable":true,"href":"https:\/\/by-tv.co.uk\/en\/wp-json\/wp\/v2\/categories?post=10310"},{"taxonomy":"post_tag","embeddable":true,"href":"https:\/\/by-tv.co.uk\/en\/wp-json\/wp\/v2\/tags?post=10310"}],"curies":[{"name":"wp","href":"https:\/\/api.w.org\/{rel}","templated":true}]}}