{"id":10283,"date":"2021-06-11T08:19:01","date_gmt":"2021-06-11T07:19:01","guid":{"rendered":"https:\/\/by-tv.co.uk\/?p=10283"},"modified":"2021-06-11T08:19:01","modified_gmt":"2021-06-11T07:19:01","slug":"ingiltereden-yoksul-ulkelere-100-milyon-doz-covid-19-asisi","status":"publish","type":"post","link":"https:\/\/by-tv.co.uk\/en\/ingiltereden-yoksul-ulkelere-100-milyon-doz-covid-19-asisi\/","title":{"rendered":"\u0130ngiltere&#8217;den yoksul \u00fclkelere 100 milyon doz Covid-19 a\u015f\u0131s\u0131"},"content":{"rendered":"<p>\u0130ngiltere Ba\u015fbakan\u0131 Boris Johnson, artan Corona vir\u00fcs a\u015f\u0131lar\u0131n\u0131n 100 milyondan fazlas\u0131n\u0131n \u00f6n\u00fcm\u00fczdeki y\u0131l yoksul \u00fclkelere da\u011f\u0131t\u0131laca\u011f\u0131n\u0131 s\u00f6yledi.<\/p>\n<p>\u0130ngiltere&#8217;nin ba\u011f\u0131\u015flayaca\u011f\u0131 ilk 5 milyon doz Eyl\u00fcl ay\u0131 sonuna kadar, 25 milyon doz ise y\u0131l sonuna kadar da\u011f\u0131t\u0131lacak.<\/p>\n<p>Zengin uluslar\u0131n liderlerinden olu\u015fan G7 grubunun, salg\u0131n\u0131 sona erdirmek i\u00e7in toplu bir \u015fekilde 1 milyar doz koronavir\u00fcs a\u015f\u0131s\u0131 sa\u011flamay\u0131 kabul etmeleri bekleniyor.<\/p><div id=\"briti-1873840131\" class=\"briti-icerik\" style=\"margin-top: 5px;margin-bottom: 5px;\"><a href=\"https:\/\/piaryum.com\/services\/\" aria-label=\"piaryum banner\"><img loading=\"lazy\" decoding=\"async\" src=\"https:\/\/by-tv.co.uk\/wp-content\/uploads\/2025\/12\/Gemini_Generated_Image_g5yqr1g5yqr1g5yq.jpg\" alt=\"\"  width=\"2064\" height=\"1152\"   \/><\/a><\/div>\n<p>\u0130ngiltere taraf\u0131ndan ba\u011f\u0131\u015flanan dozlar\u0131n yakla\u015f\u0131k 5&#8217;te 1&#8217;i, ihtiyac\u0131 olan \u00fclkelerle yap\u0131lan \u00f6zel anla\u015fmalar yoluyla, geri kalan\u0131 ise Covid-19 A\u015f\u0131lar\u0131 K\u00fcresel Eri\u015fim Program\u0131 (Covax) kapsam\u0131nda da\u011f\u0131t\u0131lacak.<\/p>\n<div id=\"briti-4143396918\" class=\"briti-icerikten-sonra_2\" style=\"margin-top: 25px;margin-bottom: 25px;\"><a href=\"https:\/\/wa.me\/message\/NDZLLIOQT4H3O1\" aria-label=\"bytv reklam banner\"><img loading=\"lazy\" decoding=\"async\" src=\"https:\/\/by-tv.co.uk\/wp-content\/uploads\/2025\/12\/bytv-reklam-banner.jpg\" alt=\"\"  width=\"2376\" height=\"1008\"   \/><\/a><\/div>","protected":false},"excerpt":{"rendered":"<p>\u0130ngiltere Ba\u015fbakan\u0131 Boris Johnson, artan Corona vir\u00fcs a\u015f\u0131lar\u0131n\u0131n 100 milyondan fazlas\u0131n\u0131n \u00f6n\u00fcm\u00fczdeki y\u0131l yoksul \u00fclkelere da\u011f\u0131t\u0131laca\u011f\u0131n\u0131 s\u00f6yledi. \u0130ngiltere&#8217;nin ba\u011f\u0131\u015flayaca\u011f\u0131 ilk 5 milyon doz Eyl\u00fcl ay\u0131 sonuna kadar, 25 milyon doz ise y\u0131l sonuna kadar da\u011f\u0131t\u0131lacak. Zengin uluslar\u0131n liderlerinden olu\u015fan G7 grubunun, salg\u0131n\u0131 sona erdirmek i\u00e7in toplu bir \u015fekilde 1 milyar doz koronavir\u00fcs a\u015f\u0131s\u0131 sa\u011flamay\u0131 kabul etmeleri bekleniyor. \u0130ngiltere taraf\u0131ndan ba\u011f\u0131\u015flanan dozlar\u0131n yakla\u015f\u0131k 5&#8217;te 1&#8217;i, ihtiyac\u0131 olan \u00fclkelerle yap\u0131lan \u00f6zel anla\u015fmalar yoluyla, geri kalan\u0131 ise Covid-19 A\u015f\u0131lar\u0131 K\u00fcresel Eri\u015fim Program\u0131 (Covax) kapsam\u0131nda da\u011f\u0131t\u0131lacak.<\/p>","protected":false},"author":7,"featured_media":9587,"comment_status":"open","ping_status":"open","sticky":false,"template":"","format":"standard","meta":{"ngg_post_thumbnail":0,"footnotes":""},"categories":[15],"tags":[3273,430,417,859,808,149,1291],"class_list":["post-10283","post","type-post","status-publish","format-standard","has-post-thumbnail","hentry","category-ingiltere","tag-as","tag-birlesik-krallik","tag-boris-johnson","tag-corona-virus","tag-covid-19","tag-ingiltere","tag-virus"],"_links":{"self":[{"href":"https:\/\/by-tv.co.uk\/en\/wp-json\/wp\/v2\/posts\/10283","targetHints":{"allow":["GET"]}}],"collection":[{"href":"https:\/\/by-tv.co.uk\/en\/wp-json\/wp\/v2\/posts"}],"about":[{"href":"https:\/\/by-tv.co.uk\/en\/wp-json\/wp\/v2\/types\/post"}],"author":[{"embeddable":true,"href":"https:\/\/by-tv.co.uk\/en\/wp-json\/wp\/v2\/users\/7"}],"replies":[{"embeddable":true,"href":"https:\/\/by-tv.co.uk\/en\/wp-json\/wp\/v2\/comments?post=10283"}],"version-history":[{"count":0,"href":"https:\/\/by-tv.co.uk\/en\/wp-json\/wp\/v2\/posts\/10283\/revisions"}],"wp:featuredmedia":[{"embeddable":true,"href":"https:\/\/by-tv.co.uk\/en\/wp-json\/wp\/v2\/media\/9587"}],"wp:attachment":[{"href":"https:\/\/by-tv.co.uk\/en\/wp-json\/wp\/v2\/media?parent=10283"}],"wp:term":[{"taxonomy":"category","embeddable":true,"href":"https:\/\/by-tv.co.uk\/en\/wp-json\/wp\/v2\/categories?post=10283"},{"taxonomy":"post_tag","embeddable":true,"href":"https:\/\/by-tv.co.uk\/en\/wp-json\/wp\/v2\/tags?post=10283"}],"curies":[{"name":"wp","href":"https:\/\/api.w.org\/{rel}","templated":true}]}}