{"id":10087,"date":"2021-06-06T19:35:30","date_gmt":"2021-06-06T18:35:30","guid":{"rendered":"https:\/\/by-tv.co.uk\/?p=10087"},"modified":"2021-06-06T19:38:45","modified_gmt":"2021-06-06T18:38:45","slug":"israilde-covid-19-vakasiz-gun","status":"publish","type":"post","link":"https:\/\/by-tv.co.uk\/en\/israilde-covid-19-vakasiz-gun\/","title":{"rendered":"\u0130srail&#8217;de Covid-19 vakas\u0131z g\u00fcn"},"content":{"rendered":"<p><strong>\u0130srail<\/strong> Sa\u011fl\u0131k Bakanl\u0131\u011f\u0131ndan yap\u0131lan a\u00e7\u0131klamada, son 24 saatte yap\u0131lan<strong> Covid-19<\/strong> testlerinden sadece 4&#8217;\u00fcn\u00fcn pozitif \u00e7\u0131kt\u0131\u011f\u0131 belirtildi.<\/p>\n<p>Testleri pozitif \u00e7\u0131kan bu 4 ki\u015finin yurt d\u0131\u015f\u0131ndan geldiklerine i\u015faret edilen a\u00e7\u0131klamada, salg\u0131n\u0131n ba\u015flad\u0131\u011f\u0131 \u015eubat 2020&#8217;den bu yana ilk kez \u00fclke i\u00e7inde yeni vakaya rastlanmad\u0131\u011f\u0131 ifade edildi.<\/p>\n<p>Yakla\u015f\u0131k 9,3 milyon n\u00fcfusa sahip \u0130srail, n\u00fcfusuna oranla d\u00fcnyada en fazla <strong>Corona vir\u00fcs<\/strong> a\u015f\u0131s\u0131 yap\u0131lan \u00fclke konumunda bulunuyor.<\/p><div id=\"briti-2225988695\" class=\"briti-icerik\" style=\"margin-top: 5px;margin-bottom: 5px;\"><a href=\"https:\/\/piaryum.com\/services\/\" aria-label=\"piaryum banner\"><img loading=\"lazy\" decoding=\"async\" src=\"https:\/\/by-tv.co.uk\/wp-content\/uploads\/2025\/12\/Gemini_Generated_Image_g5yqr1g5yqr1g5yq.jpg\" alt=\"\"  width=\"2064\" height=\"1152\"   \/><\/a><\/div>\n<p>A\u015f\u0131lama sayesinde salg\u0131n\u0131 kontrol alt\u0131na almay\u0131 ba\u015faran ve \u015fubat ay\u0131ndan bu yana Covid-19 \u00f6nlemlerinin gev\u015fetilmeye ba\u015fland\u0131\u011f\u0131 \u0130srail&#8217;de, 19 Nisan&#8217;da a\u00e7\u0131k alanlarda maske takma zorunlulu\u011fu kald\u0131r\u0131lm\u0131\u015ft\u0131.<\/p>\n<p><strong>VAKA SAYISI 216\u2019YA D\u00dc\u015eT\u00dc<\/strong><\/p>\n<p>\u0130srail&#8217;de bug\u00fcne kadar 5 milyon 455 bin ki\u015fiye Covid-19 a\u015f\u0131s\u0131n\u0131n ilk dozu, 5 milyon 137 bin ki\u015fiye de ikinci dozu yap\u0131ld\u0131.<\/p>\n<p>Ocak 2021&#8217;de 84 bini a\u015fan aktif vaka say\u0131s\u0131 a\u015f\u0131lama sayesinde 216&#8217;a d\u00fc\u015ferken, ge\u00e7en hafta g\u00fcnl\u00fck vaka say\u0131s\u0131 da \u00e7o\u011funlu\u011fu yurt d\u0131\u015f\u0131ndan d\u00f6nen ki\u015filer olmak \u00fczere 20&#8217;nin alt\u0131na inmi\u015fti.<\/p>\n<p>\u00dclkede ayr\u0131ca durumu a\u011f\u0131r olan sadece 37 hasta bulunuyor.<\/p>\n<p><strong>MASKE ZORUNLULU\u011eU KALKIYOR<\/strong><\/p>\n<p>\u00d6te yandan, Sa\u011fl\u0131k Bakan\u0131 Yuli Edelstein yapt\u0131\u011f\u0131 a\u00e7\u0131klamada, g\u00fcnl\u00fck vakalar\u0131n d\u00fc\u015f\u00fck seyretmeye devam etmesi halinde 15 Haziran&#8217;dan itibaren kapal\u0131 alanlarda maske takma zorunlulu\u011funun uygulanmayaca\u011f\u0131n\u0131 belirtti.<\/p>\n<p>Yakla\u015f\u0131k 9,3 milyon n\u00fcfusa sahip \u0130srail, n\u00fcfusuna oranla d\u00fcnyada en fazla Kovid-19 a\u015f\u0131s\u0131 yap\u0131lan \u00fclke konumunda bulunuyor.<\/p>\n<p>A\u015f\u0131lama sayesinde salg\u0131n\u0131 kontrol alt\u0131na almay\u0131 ba\u015faran ve \u015fubat ay\u0131ndan bu yana Kovid-19 \u00f6nlemlerinin gev\u015fetilmeye ba\u015fland\u0131\u011f\u0131 \u0130srail&#8217;de, 19 Nisan&#8217;da a\u00e7\u0131k alanlarda maske takma zorunlulu\u011fu kald\u0131r\u0131lm\u0131\u015ft\u0131.<\/p>\n<p>\u0130srail&#8217;de bug\u00fcne kadar 5 milyon 455 bin ki\u015fiye Covid-19 a\u015f\u0131s\u0131n\u0131n ilk dozu, 5 milyon 137 bin ki\u015fiye de ikinci dozu yap\u0131ld\u0131.<\/p>\n<p>Ocak 2021&#8217;de 84 bini a\u015fan aktif vaka say\u0131s\u0131 a\u015f\u0131lama sayesinde 216&#8217;ya d\u00fc\u015ferken, ge\u00e7en hafta g\u00fcnl\u00fck vaka say\u0131s\u0131 da \u00e7o\u011funlu\u011fu yurt d\u0131\u015f\u0131ndan d\u00f6nen ki\u015filer olmak \u00fczere 20&#8217;nin alt\u0131na inmi\u015fti.<\/p>\n<div id=\"briti-3023990611\" class=\"briti-icerikten-sonra_2\" style=\"margin-top: 25px;margin-bottom: 25px;\"><a href=\"https:\/\/wa.me\/message\/NDZLLIOQT4H3O1\" aria-label=\"bytv reklam banner\"><img loading=\"lazy\" decoding=\"async\" src=\"https:\/\/by-tv.co.uk\/wp-content\/uploads\/2025\/12\/bytv-reklam-banner.jpg\" alt=\"\"  width=\"2376\" height=\"1008\"   \/><\/a><\/div>","protected":false},"excerpt":{"rendered":"<p>\u0130srail Sa\u011fl\u0131k Bakanl\u0131\u011f\u0131ndan yap\u0131lan a\u00e7\u0131klamada, son 24 saatte yap\u0131lan Covid-19 testlerinden sadece 4&#8217;\u00fcn\u00fcn pozitif \u00e7\u0131kt\u0131\u011f\u0131 belirtildi. Testleri pozitif \u00e7\u0131kan bu 4 ki\u015finin yurt d\u0131\u015f\u0131ndan geldiklerine i\u015faret edilen a\u00e7\u0131klamada, salg\u0131n\u0131n ba\u015flad\u0131\u011f\u0131 \u015eubat 2020&#8217;den bu yana ilk kez \u00fclke i\u00e7inde yeni vakaya rastlanmad\u0131\u011f\u0131 ifade edildi. Yakla\u015f\u0131k 9,3 milyon n\u00fcfusa sahip \u0130srail, n\u00fcfusuna oranla d\u00fcnyada en fazla Corona vir\u00fcs a\u015f\u0131s\u0131 yap\u0131lan \u00fclke konumunda bulunuyor. A\u015f\u0131lama sayesinde salg\u0131n\u0131 kontrol alt\u0131na almay\u0131 ba\u015faran ve \u015fubat ay\u0131ndan bu yana Covid-19 \u00f6nlemlerinin gev\u015fetilmeye ba\u015fland\u0131\u011f\u0131 \u0130srail&#8217;de, 19 Nisan&#8217;da a\u00e7\u0131k alanlarda maske takma zorunlulu\u011fu kald\u0131r\u0131lm\u0131\u015ft\u0131. VAKA SAYISI 216\u2019YA D\u00dc\u015eT\u00dc \u0130srail&#8217;de bug\u00fcne kadar 5 milyon 455 bin ki\u015fiye Covid-19 a\u015f\u0131s\u0131n\u0131n [&hellip;]<\/p>\n","protected":false},"author":7,"featured_media":10088,"comment_status":"open","ping_status":"open","sticky":false,"template":"","format":"standard","meta":{"ngg_post_thumbnail":0,"footnotes":""},"categories":[11],"tags":[567,808,2877],"class_list":["post-10087","post","type-post","status-publish","format-standard","has-post-thumbnail","hentry","category-dunya","tag-coronavirus","tag-covid-19","tag-israil"],"_links":{"self":[{"href":"https:\/\/by-tv.co.uk\/en\/wp-json\/wp\/v2\/posts\/10087","targetHints":{"allow":["GET"]}}],"collection":[{"href":"https:\/\/by-tv.co.uk\/en\/wp-json\/wp\/v2\/posts"}],"about":[{"href":"https:\/\/by-tv.co.uk\/en\/wp-json\/wp\/v2\/types\/post"}],"author":[{"embeddable":true,"href":"https:\/\/by-tv.co.uk\/en\/wp-json\/wp\/v2\/users\/7"}],"replies":[{"embeddable":true,"href":"https:\/\/by-tv.co.uk\/en\/wp-json\/wp\/v2\/comments?post=10087"}],"version-history":[{"count":0,"href":"https:\/\/by-tv.co.uk\/en\/wp-json\/wp\/v2\/posts\/10087\/revisions"}],"wp:featuredmedia":[{"embeddable":true,"href":"https:\/\/by-tv.co.uk\/en\/wp-json\/wp\/v2\/media\/10088"}],"wp:attachment":[{"href":"https:\/\/by-tv.co.uk\/en\/wp-json\/wp\/v2\/media?parent=10087"}],"wp:term":[{"taxonomy":"category","embeddable":true,"href":"https:\/\/by-tv.co.uk\/en\/wp-json\/wp\/v2\/categories?post=10087"},{"taxonomy":"post_tag","embeddable":true,"href":"https:\/\/by-tv.co.uk\/en\/wp-json\/wp\/v2\/tags?post=10087"}],"curies":[{"name":"wp","href":"https:\/\/api.w.org\/{rel}","templated":true}]}}