{"id":10030,"date":"2021-06-04T14:30:14","date_gmt":"2021-06-04T13:30:14","guid":{"rendered":"https:\/\/by-tv.co.uk\/?p=10030"},"modified":"2021-06-04T14:30:14","modified_gmt":"2021-06-04T13:30:14","slug":"architect-busra-berber-sensory-experience-in-human-building-interaction","status":"publish","type":"post","link":"https:\/\/by-tv.co.uk\/en\/architect-busra-berber-sensory-experience-in-human-building-interaction\/","title":{"rendered":"Architect B\u00fc\u015fra Berber: Sensory Experience in Human Building Interaction"},"content":{"rendered":"<p><strong><em>\u201cArchitecture is the art of reconciliation between ourselves and the world, and this mediation takes place through the senses\u201d <\/em><\/strong><\/p>\n<p><strong><em>[Juhani Pallasmaa,1996]<\/em><\/strong><\/p>\n<p>Some 20 years after these lines were uttered by the Finnish architect, artist Refik Anadol draws attention to the importance and interlinking use of senses, space, and technology in his \u201cMachine Memoirs: Space\u201d public art exhibition in <strong>Istanbul\u2019s Pilevneli Gallery.<\/strong> Anadol\u2019s new imaginative world not only captured the attention of millions but stoked the intellectual flames of architect <strong>B\u00fc\u015fra Berber<\/strong>, the speaker of the latest talk of the <strong>Young Scholar Seminar Series<\/strong> hosted by the <strong>Yunus Emre Institute in London.&nbsp;<\/strong><br \/>\n<iframe loading=\"lazy\" title=\"YouTube video player\" src=\"https:\/\/www.youtube.com\/embed\/X96xW7vuMPc\" width=\"1280\" height=\"720\" frameborder=\"0\" allowfullscreen=\"allowfullscreen\"><\/iframe><br \/>\nDiscussing the \u201cSensory Experience in Human Building Interaction\u201d, B\u00fc\u015fra\u2019s fascinating talk explored the importance of designing for senses beyond sight. Including scent, sound, taste and tactile feeling, there is more to modern architecture than meets the eye. In this vein, museums and galleries will be more than hubs for social activities, learning and community.&nbsp; Museum journeys that combine multiple-layers of experience such as sensory, emotional, cognitive, aesthetic and social will immerse you in different environments and experiences that can allow for healing, contemplation and connection.<\/p><div id=\"briti-3455922741\" class=\"briti-icerik\" style=\"margin-top: 5px;margin-bottom: 5px;\"><a href=\"https:\/\/piaryum.com\/services\/\" aria-label=\"piaryum banner\"><img loading=\"lazy\" decoding=\"async\" src=\"https:\/\/by-tv.co.uk\/wp-content\/uploads\/2025\/12\/Gemini_Generated_Image_g5yqr1g5yqr1g5yq.jpg\" alt=\"\"  width=\"2064\" height=\"1152\"   \/><\/a><\/div>\n<p>Human-Building Interaction (HBI) is the study of the bridges between a building\u2019s users, physical space and the objects within it. Focusing on museum and gallery environments, Berber presented new approach to architecture. Through weaving threads from her personal experience and academic investigations, Berber masterfully presented her research on how our senses interact with buildings and spaces around us, creating a <u>museum-like walkthrough<\/u> of her findings.<\/p>\n<p>Referring to the 2019 \u201cOlafur Eliasson: In real life\u201d exhibition at Tate Modern for example, she presented how architecture could at times be invisible. The unforgettable immersive experience demonstrated that the use different senses could completely change the present environment. In one instance, unable to see a foot ahead of you due to the fog and light, you felt as if you were within a space without boundaries and direction. In another, water and light were used to distort your senses to feel like you were within a different boundless space.<\/p>\n<p>Museum and gallery environments such as this exhibition are increasingly adopting digital technologies to increase visitor interaction and engagement.<\/p>\n<p>During the talk, Berber pointed to her research combining elements of architecture, computer science, museology and media studies to investigate these new digital technologies which create immersive, sensorial and whole-body experiences. With her research aiming to understand how visitors perceive and interact with different sensory environments, Berber discussed what sensory experiences are in relations to her work, how they are mapped, and how they can be used in architecture. Berber achieved by analysing data relating to cognitive and physiological responses, as a way to identify new tools and methods in the design of sensory environments.<\/p>\n<p>Exhibitions such as \u201cOlafur Eliasson: In real life\u201d merely use light, fog, water, sound to create immersive and impactful spaces. When such human-space interactions are considered in architecture, this talk delved into the contemporary understandings on what senses should be considered and used in architecture. This new approach blurred the boundaries of architecture with creative fog to extend the horizons of architecture beyond what initially meets the eye.<\/p>\n<h4>About the speaker, B\u00fc\u015fra Berber:<\/h4>\n<p>An architect and researcher, Berber graduated with a distinction in MA Architecture and Urbanism from the University of Manchester. She has worked as a research assistant at architectural practices and is presently a researcher in the Architectural Space and Computation MPhil\/PhD programme at The Bartlett School of Architecture, UCL. She is researching sensory effect of the building and mediative space intersection with a deep architectural passion. Berber is also a UCL Sustainability Ambassador working in collaboration with Camden Council.<\/p>\n<blockquote class=\"instagram-media\" style=\"background: #FFF; border: 0; border-radius: 3px; box-shadow: 0 0 1px 0 rgba(0,0,0,0.5),0 1px 10px 0 rgba(0,0,0,0.15); margin: 1px; max-width: 540px; min-width: 326px; padding: 0; width: calc(100% - 2px);\" data-instgrm-permalink=\"https:\/\/www.instagram.com\/p\/CPGxZf-MMtz\/?utm_source=ig_embed&amp;utm_campaign=loading\" data-instgrm-version=\"13\">\n<div style=\"padding: 16px;\">\n<p>&nbsp;<\/p>\n<div style=\"display: flex; flex-direction: row; align-items: center;\">\n<div style=\"background-color: #f4f4f4; border-radius: 50%; flex-grow: 0; height: 40px; margin-right: 14px; width: 40px;\">&nbsp;<\/div>\n<div style=\"display: flex; flex-direction: column; flex-grow: 1; justify-content: center;\">\n<div style=\"background-color: #f4f4f4; border-radius: 4px; flex-grow: 0; height: 14px; margin-bottom: 6px; width: 100px;\">&nbsp;<\/div>\n<div style=\"background-color: #f4f4f4; border-radius: 4px; flex-grow: 0; height: 14px; width: 60px;\">&nbsp;<\/div>\n<\/div>\n<\/div>\n<div style=\"padding: 19% 0;\">&nbsp;<\/div>\n<div style=\"display: block; height: 50px; margin: 0 auto 12px; width: 50px;\">&nbsp;<\/div>\n<div style=\"padding-top: 8px;\">\n<div style=\"color: #3897f0; font-family: Arial,sans-serif; font-size: 14px; font-style: normal; font-weight: 550; line-height: 18px;\">Bu g\u00f6nderiyi Instagram&#8217;da g\u00f6r<\/div>\n<\/div>\n<div style=\"padding: 12.5% 0;\">&nbsp;<\/div>\n<div style=\"display: flex; flex-direction: row; margin-bottom: 14px; align-items: center;\">\n<div>\n<div style=\"background-color: #f4f4f4; border-radius: 50%; height: 12.5px; width: 12.5px; transform: translateX(0px) translateY(7px);\">&nbsp;<\/div>\n<div style=\"background-color: #f4f4f4; height: 12.5px; transform: rotate(-45deg) translateX(3px) translateY(1px); width: 12.5px; flex-grow: 0; margin-right: 14px; margin-left: 2px;\">&nbsp;<\/div>\n<div style=\"background-color: #f4f4f4; border-radius: 50%; height: 12.5px; width: 12.5px; transform: translateX(9px) translateY(-18px);\">&nbsp;<\/div>\n<\/div>\n<div style=\"margin-left: 8px;\">\n<div style=\"background-color: #f4f4f4; border-radius: 50%; flex-grow: 0; height: 20px; width: 20px;\">&nbsp;<\/div>\n<div style=\"width: 0; height: 0; border-top: 2px solid transparent; border-left: 6px solid #f4f4f4; border-bottom: 2px solid transparent; transform: translateX(16px) translateY(-4px) rotate(30deg);\">&nbsp;<\/div>\n<\/div>\n<div style=\"margin-left: auto;\">\n<div style=\"width: 0px; border-top: 8px solid #F4F4F4; border-right: 8px solid transparent; transform: translateY(16px);\">&nbsp;<\/div>\n<div style=\"background-color: #f4f4f4; flex-grow: 0; height: 12px; width: 16px; transform: translateY(-4px);\">&nbsp;<\/div>\n<div style=\"width: 0; height: 0; border-top: 8px solid #F4F4F4; border-left: 8px solid transparent; transform: translateY(-4px) translateX(8px);\">&nbsp;<\/div>\n<\/div>\n<\/div>\n<div style=\"display: flex; flex-direction: column; flex-grow: 1; justify-content: center; margin-bottom: 24px;\">\n<div style=\"background-color: #f4f4f4; border-radius: 4px; flex-grow: 0; height: 14px; margin-bottom: 6px; width: 224px;\">&nbsp;<\/div>\n<div style=\"background-color: #f4f4f4; border-radius: 4px; flex-grow: 0; height: 14px; width: 144px;\">&nbsp;<\/div>\n<\/div>\n<p>&nbsp;<\/p>\n<p style=\"color: #c9c8cd; font-family: Arial,sans-serif; font-size: 14px; line-height: 17px; margin-bottom: 0; margin-top: 8px; overflow: hidden; padding: 8px 0 7px; text-align: center; text-overflow: ellipsis; white-space: nowrap;\"><a style=\"color: #c9c8cd; font-family: Arial,sans-serif; font-size: 14px; font-style: normal; font-weight: normal; line-height: 17px; text-decoration: none;\" href=\"https:\/\/www.instagram.com\/p\/CPGxZf-MMtz\/?utm_source=ig_embed&amp;utm_campaign=loading\" target=\"_blank\" rel=\"noopener\">Yunus Emre Institute (@yeelondra)&#8217;in payla\u015ft\u0131\u011f\u0131 bir g\u00f6nderi<\/a><\/p>\n<\/div>\n<\/blockquote>\n<p><script async=\"\" src=\"\/\/www.instagram.com\/embed.js\"><\/script><br \/>\nThis talk forms part of the Young Scholar Seminar Series organised by Yunus Emre Institute in London. About the \u2018Young Scholar Seminar\u2019 series:<\/p>\n<p>Established in 2017, the Young Scholar Seminar Series is a platform giving postgraduate students the opportunity to present their research to the wider public and encourage the exchange of knowledge. In particular, the series have been designed to promote the academic achievements of young academics, increase their visibility, and facilitate networking opportunities. Yunus Emre Institute in London invites young academics from all disciplines with research into global or Turkey-related topics to present their findings and become part of the institute\u2019s growing young academic network.<\/p>\n<p>[ https:\/\/www.youtube.com\/watch?v=X96xW7vuMPc&nbsp; ]&nbsp;<\/p>\n<p>To view more Young Scholar Seminars, please visit the Yunus Emre Institute in London YouTube channel. [ <a href=\"https:\/\/www.youtube.com\/channel\/UCdjO-MEntk32CSzn291VLuQ\" target=\"_blank\" rel=\"noopener\">https:\/\/www.youtube.com\/channel\/UCdjO-MEntk32CSzn291VLuQ<\/a>&nbsp; ]<\/p>\n<div id=\"briti-3028104278\" class=\"briti-icerikten-sonra_2\" style=\"margin-top: 25px;margin-bottom: 25px;\"><a href=\"https:\/\/wa.me\/message\/NDZLLIOQT4H3O1\" aria-label=\"bytv reklam banner\"><img loading=\"lazy\" decoding=\"async\" src=\"https:\/\/by-tv.co.uk\/wp-content\/uploads\/2025\/12\/bytv-reklam-banner.jpg\" alt=\"\"  width=\"2376\" height=\"1008\"   \/><\/a><\/div>","protected":false},"excerpt":{"rendered":"<p>\u201cArchitecture is the art of reconciliation between ourselves and the world, and this mediation takes place through the senses\u201d [Juhani Pallasmaa,1996] Some 20 years after these lines were uttered by the Finnish architect, artist Refik Anadol draws attention to the importance and interlinking use of senses, space, and technology in his \u201cMachine Memoirs: Space\u201d public art exhibition in Istanbul\u2019s Pilevneli Gallery. Anadol\u2019s new imaginative world not only captured the attention of millions but stoked the intellectual flames of architect B\u00fc\u015fra Berber, the speaker of the latest talk of the Young Scholar Seminar Series hosted by the Yunus Emre Institute in [&hellip;]<\/p>\n","protected":false},"author":1,"featured_media":10031,"comment_status":"open","ping_status":"open","sticky":false,"template":"","format":"standard","meta":{"ngg_post_thumbnail":0,"footnotes":""},"categories":[15],"tags":[3183,3184],"class_list":["post-10030","post","type-post","status-publish","format-standard","has-post-thumbnail","hentry","category-ingiltere","tag-busra-berber","tag-yunus-emre-enstitusu-londra"],"_links":{"self":[{"href":"https:\/\/by-tv.co.uk\/en\/wp-json\/wp\/v2\/posts\/10030","targetHints":{"allow":["GET"]}}],"collection":[{"href":"https:\/\/by-tv.co.uk\/en\/wp-json\/wp\/v2\/posts"}],"about":[{"href":"https:\/\/by-tv.co.uk\/en\/wp-json\/wp\/v2\/types\/post"}],"author":[{"embeddable":true,"href":"https:\/\/by-tv.co.uk\/en\/wp-json\/wp\/v2\/users\/1"}],"replies":[{"embeddable":true,"href":"https:\/\/by-tv.co.uk\/en\/wp-json\/wp\/v2\/comments?post=10030"}],"version-history":[{"count":0,"href":"https:\/\/by-tv.co.uk\/en\/wp-json\/wp\/v2\/posts\/10030\/revisions"}],"wp:featuredmedia":[{"embeddable":true,"href":"https:\/\/by-tv.co.uk\/en\/wp-json\/wp\/v2\/media\/10031"}],"wp:attachment":[{"href":"https:\/\/by-tv.co.uk\/en\/wp-json\/wp\/v2\/media?parent=10030"}],"wp:term":[{"taxonomy":"category","embeddable":true,"href":"https:\/\/by-tv.co.uk\/en\/wp-json\/wp\/v2\/categories?post=10030"},{"taxonomy":"post_tag","embeddable":true,"href":"https:\/\/by-tv.co.uk\/en\/wp-json\/wp\/v2\/tags?post=10030"}],"curies":[{"name":"wp","href":"https:\/\/api.w.org\/{rel}","templated":true}]}}